{"id":1047,"date":"2023-07-27T19:29:42","date_gmt":"2023-07-27T19:29:42","guid":{"rendered":"http:\/\/www.administracionpublica.utalca.cl\/?p=1047"},"modified":"2023-07-27T19:39:47","modified_gmt":"2023-07-27T19:39:47","slug":"profesores-de-administracion-publica-participaron-en-el-27-congreso-mundial-de-ciencia-politica-en-argentina","status":"publish","type":"post","link":"https:\/\/www.administracionpublica.utalca.cl\/?p=1047","title":{"rendered":"Profesores de Administraci\u00f3n P\u00fablica participaron en el 27\u00b0 Congreso Mundial de Ciencia Pol\u00edtica en Argentina"},"content":{"rendered":"<p>Los profesores de Administraci\u00f3n P\u00fablica de la Facultad de Ciencias Jur\u00eddicas y Sociales de la Universidad de Talca, Alejandra M\u00e1rquez Cabrera y Mario Herrera Mu\u00f1oz, participaron del 27\u00b0 Congreso Mundial de Ciencia Pol\u00edtica que se realiz\u00f3 en Buenos Aires, Argentina del 15 al 19 de julio.<\/p>\n<p>La ponencia de los acad\u00e9micos se titul\u00f3: \u201cLa Guerra Fr\u00eda en Chile. Percepciones de los chilenos en un contexto de crisis, 1957 \u2013 1973\u201d. La presentaci\u00f3n mostr\u00f3 c\u00f3mo dicho conflicto influy\u00f3 en diversos continentes como Am\u00e9rica Latina en donde, en el caso chileno, \u201cel ambiente estuvo influenciado por factores internacionales, generando una polarizaci\u00f3n con un grupo m\u00e1s proclive a EE.UU y otro a la URSS forjando una divisi\u00f3n ideol\u00f3gica que finaliza con el quiebre democr\u00e1tico en 1973\u201d, explic\u00f3 la profesora M\u00e1rquez.<\/p>\n<p>Agreg\u00f3 que para construir la presentaci\u00f3n analizaron \u201cel estudio de las percepciones de los ciudadanos en esta \u00e9poca mediante encuestas de opini\u00f3n aplicadas desde 1957 hasta 1973\u201d.<\/p>\n<p>Respecto al congreso, el profesor Herrera, indic\u00f3 que es \u201cel evento m\u00e1s importante a nivel mundial de nuestra disciplina convocando a m\u00e1s de 3 mil colegas de 120 pa\u00edses del mundo\u201d.<\/p>\n<p>Finalmente, la profesora Alejandra M\u00e1rquez, se\u00f1al\u00f3 que all\u00ed pudieron \u201cabordar tem\u00e1ticas que son complementarias y se relacionan con las \u00e1reas de relaciones internacionales, pol\u00edtica comparada, as\u00ed como la opini\u00f3n p\u00fablica y an\u00e1lisis de datos mediante el uso de softwares\u201d.<\/p>\n<p>Cabe se\u00f1alar que si bien, el tema del congreso fue la pol\u00edtica en la era de las crisis transfronterizas: vulnerabilidad y resiliencia, se abordaron tambi\u00e9n diversas tem\u00e1ticas como por ejemplo populismo y democracia, geopol\u00edtica, migraci\u00f3n, ciberseguridad, entre otras.<\/p>\n<p><img loading=\"lazy\" class=\"alignnone  wp-image-1057\" src=\"https:\/\/www.administracionpublica.utalca.cl\/wp-content\/uploads\/2023\/07\/publico-1-300x169.jpg\" alt=\"\" width=\"332\" height=\"187\" srcset=\"https:\/\/www.administracionpublica.utalca.cl\/wp-content\/uploads\/2023\/07\/publico-1-300x169.jpg 300w, https:\/\/www.administracionpublica.utalca.cl\/wp-content\/uploads\/2023\/07\/publico-1-1024x576.jpg 1024w, https:\/\/www.administracionpublica.utalca.cl\/wp-content\/uploads\/2023\/07\/publico-1-768x432.jpg 768w, https:\/\/www.administracionpublica.utalca.cl\/wp-content\/uploads\/2023\/07\/publico-1-1536x864.jpg 1536w, https:\/\/www.administracionpublica.utalca.cl\/wp-content\/uploads\/2023\/07\/publico-1.jpg 1920w\" sizes=\"(max-width: 332px) 100vw, 332px\" \/><img loading=\"lazy\" class=\"alignnone  wp-image-1058\" src=\"https:\/\/www.administracionpublica.utalca.cl\/wp-content\/uploads\/2023\/07\/publico-2-300x169.jpg\" alt=\"\" width=\"332\" height=\"187\" srcset=\"https:\/\/www.administracionpublica.utalca.cl\/wp-content\/uploads\/2023\/07\/publico-2-300x169.jpg 300w, https:\/\/www.administracionpublica.utalca.cl\/wp-content\/uploads\/2023\/07\/publico-2-1024x576.jpg 1024w, https:\/\/www.administracionpublica.utalca.cl\/wp-content\/uploads\/2023\/07\/publico-2-768x432.jpg 768w, https:\/\/www.administracionpublica.utalca.cl\/wp-content\/uploads\/2023\/07\/publico-2-1536x864.jpg 1536w, https:\/\/www.administracionpublica.utalca.cl\/wp-content\/uploads\/2023\/07\/publico-2.jpg 1920w\" sizes=\"(max-width: 332px) 100vw, 332px\" \/><\/p>\n","protected":false},"excerpt":{"rendered":"<p>Los profesores de Administraci\u00f3n P\u00fablica de la Facultad de Ciencias Jur\u00eddicas y Sociales de la Universidad de Talca, Alejandra M\u00e1rquez Cabrera y Mario Herrera Mu\u00f1oz, participaron del 27\u00b0 Congreso Mundial de Ciencia Pol\u00edtica que se realiz\u00f3 en Buenos Aires, Argentina del 15 al 19 de julio. La ponencia de los acad\u00e9micos se titul\u00f3: \u201cLa Guerra [&hellip;]<\/p>\n","protected":false},"author":2,"featured_media":1048,"comment_status":"open","ping_status":"open","sticky":false,"template":"","format":"standard","meta":[],"categories":[4],"tags":[],"_links":{"self":[{"href":"https:\/\/www.administracionpublica.utalca.cl\/index.php?rest_route=\/wp\/v2\/posts\/1047"}],"collection":[{"href":"https:\/\/www.administracionpublica.utalca.cl\/index.php?rest_route=\/wp\/v2\/posts"}],"about":[{"href":"https:\/\/www.administracionpublica.utalca.cl\/index.php?rest_route=\/wp\/v2\/types\/post"}],"author":[{"embeddable":true,"href":"https:\/\/www.administracionpublica.utalca.cl\/index.php?rest_route=\/wp\/v2\/users\/2"}],"replies":[{"embeddable":true,"href":"https:\/\/www.administracionpublica.utalca.cl\/index.php?rest_route=%2Fwp%2Fv2%2Fcomments&post=1047"}],"version-history":[{"count":5,"href":"https:\/\/www.administracionpublica.utalca.cl\/index.php?rest_route=\/wp\/v2\/posts\/1047\/revisions"}],"predecessor-version":[{"id":1060,"href":"https:\/\/www.administracionpublica.utalca.cl\/index.php?rest_route=\/wp\/v2\/posts\/1047\/revisions\/1060"}],"wp:featuredmedia":[{"embeddable":true,"href":"https:\/\/www.administracionpublica.utalca.cl\/index.php?rest_route=\/wp\/v2\/media\/1048"}],"wp:attachment":[{"href":"https:\/\/www.administracionpublica.utalca.cl\/index.php?rest_route=%2Fwp%2Fv2%2Fmedia&parent=1047"}],"wp:term":[{"taxonomy":"category","embeddable":true,"href":"https:\/\/www.administracionpublica.utalca.cl\/index.php?rest_route=%2Fwp%2Fv2%2Fcategories&post=1047"},{"taxonomy":"post_tag","embeddable":true,"href":"https:\/\/www.administracionpublica.utalca.cl\/index.php?rest_route=%2Fwp%2Fv2%2Ftags&post=1047"}],"curies":[{"name":"wp","href":"https:\/\/api.w.org\/{rel}","templated":true}]}}