{"id":1083,"date":"2023-08-04T19:53:40","date_gmt":"2023-08-04T19:53:40","guid":{"rendered":"http:\/\/www.administracionpublica.utalca.cl\/?p=1083"},"modified":"2023-08-04T20:28:57","modified_gmt":"2023-08-04T20:28:57","slug":"estudiantes-de-ap-campus-talca-se-preparan-para-concretar-intercambio-a-europa-este-segundo-semestre","status":"publish","type":"post","link":"https:\/\/www.administracionpublica.utalca.cl\/?p=1083","title":{"rendered":"Estudiantes de AP campus Talca se preparan para concretar intercambio a Europa durante el segundo semestre"},"content":{"rendered":"<p>Javiera \u00c1vila Chamorro y Claudio Morales Saravia, estudiantes de cuarto a\u00f1o de la Escuela de Ciencia Pol\u00edtica y Administraci\u00f3n P\u00fablica, campus Talca, de la Facultad de Ciencias Jur\u00eddicas y Sociales (FCJS), se ir\u00e1n de intercambio a Europa durante el segundo semestre de este 2023. <\/p>\n<p>Mientras que Javiera se va a Espa\u00f1a, a la Universidad Santiago de Compostela, Claudio se ir\u00e1 a Italia, espec\u00edficamente a Roma, a la Universidad de Estudio de Roma III. Ambos se encuentran muy motivados de conocer una nueva cultura, y saber c\u00f3mo funciona la administraci\u00f3n p\u00fablica en estos pa\u00edses de Europa. <\/p>\n<p>Al respecto, el decano de la FCJS, Iv\u00e1n Obando Camino, expres\u00f3 lo siguiente: \u201cnos enorgullece y alegra que nuestros estudiantes puedan cumplir sus sue\u00f1os e ir a las mejores universidades del mundo para aprender nuevas competencias, desarrollar habilidades y conocer nuevas personas. De esta forma, pueden expandir su visi\u00f3n global y convertirse en profesionales m\u00e1s \u00edntegros\u201d. <\/p>\n<p>Javiera manifest\u00f3 estar \u201cansiosa porque me voy el 26 de agosto, (&#8230;) pero incluso ahora estoy aplicando los conocimientos de administraci\u00f3n p\u00fablica para lidiar con toda la burocracia que requiere viajar al extranjero\u201d,. <\/p>\n<p>Claudio por su parte, indic\u00f3 que cuando llegue a Italia sentir\u00e1 nerviosismo \u201cporque ellos no hablan la misma lengua que ac\u00e1 y voy a tener que activar el instinto de supervivencia para comunicarme con la gente\u201d. <\/p>\n<p>Respecto al inter\u00e9s que puedan tener otros estudiantes de la UTalca para irse de intercambio, Claudio llam\u00f3 a motivarse \u201ccualquier duda pueden preguntarme, es una oportunidad que no se va a volver a repetir, as\u00ed que los invito a que se atrevan\u201d. <\/p>\n<p>Javiera en tanto, explic\u00f3 que \u201ces una decisi\u00f3n importante, que debe mirarse desde muchas aristas, tiene que haber mucha determinaci\u00f3n, pero yo tambi\u00e9n estoy para cualquier duda que tengan respecto a los tr\u00e1mites\u201d. <\/p>\n","protected":false},"excerpt":{"rendered":"<p>Javiera \u00c1vila Chamorro y Claudio Morales Saravia, estudiantes de cuarto a\u00f1o de la Escuela de Ciencia Pol\u00edtica y Administraci\u00f3n P\u00fablica, campus Talca, de la Facultad de Ciencias Jur\u00eddicas y Sociales (FCJS), se ir\u00e1n de intercambio a Europa durante el segundo semestre de este 2023. Mientras que Javiera se va a Espa\u00f1a, a la Universidad Santiago [&hellip;]<\/p>\n","protected":false},"author":2,"featured_media":1084,"comment_status":"open","ping_status":"open","sticky":false,"template":"","format":"standard","meta":[],"categories":[4],"tags":[],"_links":{"self":[{"href":"https:\/\/www.administracionpublica.utalca.cl\/index.php?rest_route=\/wp\/v2\/posts\/1083"}],"collection":[{"href":"https:\/\/www.administracionpublica.utalca.cl\/index.php?rest_route=\/wp\/v2\/posts"}],"about":[{"href":"https:\/\/www.administracionpublica.utalca.cl\/index.php?rest_route=\/wp\/v2\/types\/post"}],"author":[{"embeddable":true,"href":"https:\/\/www.administracionpublica.utalca.cl\/index.php?rest_route=\/wp\/v2\/users\/2"}],"replies":[{"embeddable":true,"href":"https:\/\/www.administracionpublica.utalca.cl\/index.php?rest_route=%2Fwp%2Fv2%2Fcomments&post=1083"}],"version-history":[{"count":5,"href":"https:\/\/www.administracionpublica.utalca.cl\/index.php?rest_route=\/wp\/v2\/posts\/1083\/revisions"}],"predecessor-version":[{"id":1093,"href":"https:\/\/www.administracionpublica.utalca.cl\/index.php?rest_route=\/wp\/v2\/posts\/1083\/revisions\/1093"}],"wp:featuredmedia":[{"embeddable":true,"href":"https:\/\/www.administracionpublica.utalca.cl\/index.php?rest_route=\/wp\/v2\/media\/1084"}],"wp:attachment":[{"href":"https:\/\/www.administracionpublica.utalca.cl\/index.php?rest_route=%2Fwp%2Fv2%2Fmedia&parent=1083"}],"wp:term":[{"taxonomy":"category","embeddable":true,"href":"https:\/\/www.administracionpublica.utalca.cl\/index.php?rest_route=%2Fwp%2Fv2%2Fcategories&post=1083"},{"taxonomy":"post_tag","embeddable":true,"href":"https:\/\/www.administracionpublica.utalca.cl\/index.php?rest_route=%2Fwp%2Fv2%2Ftags&post=1083"}],"curies":[{"name":"wp","href":"https:\/\/api.w.org\/{rel}","templated":true}]}}