{"id":1121,"date":"2023-09-04T18:23:18","date_gmt":"2023-09-04T18:23:18","guid":{"rendered":"http:\/\/www.administracionpublica.utalca.cl\/?p=1121"},"modified":"2023-09-15T11:57:22","modified_gmt":"2023-09-15T11:57:22","slug":"fernanda-lagos-estudiante-de-ap-campus-santiago-realizara-intercambio-a-italia-este-segundo-semestre","status":"publish","type":"post","link":"https:\/\/www.administracionpublica.utalca.cl\/?p=1121","title":{"rendered":"Fernanda Lagos, estudiante de AP campus Santiago, realizar\u00e1 intercambio a Italia este segundo semestre"},"content":{"rendered":"<p>Fernanda Lagos Rojas, estudiante de la Escuela de Ciencia Pol\u00edtica y Administraci\u00f3n P\u00fablica, campus Santiago, realizar\u00e1 un intercambio a Italia, espec\u00edficamente a la Universita degli Studi Roma durante el segundo semestre de este 2023. <\/p>\n<p>Al respecto, el director de la Escuela, Mario Herrera, expres\u00f3 que \u201cla internacionalizaci\u00f3n es un proceso significativo para la Universidad, para nuestra Escuela y Departamento, pero muy fundamentalmente para el estudiante\u201d. <\/p>\n<p>Agreg\u00f3 que \u201ces una oportunidad para conocer otras realidades culturales, hist\u00f3ricas, pol\u00edticas y patrimoniales. Junto con ello, permite que los estudiantes desarrollen redes con pares de otras partes del mundo. El mejor consejo que le puedo entregar es que aproveche la experiencia al m\u00e1ximo. El intercambio es importante en lo acad\u00e9mico, pero tambi\u00e9n por el crecimiento que se produce a nivel personal\u201d.<\/p>\n<p>Fernanda por su parte, indic\u00f3 que parte de sus motivaciones para irse a Italia fue que \u00abes un pa\u00eds rico en cultura y con un importante valor hist\u00f3rico. De este viaje espero aprender bastante y no solo en t\u00e9rminos acad\u00e9micos sino en lo personal, ya que es todas las \u00e1reas es una experiencia desafiante\u00bb.<\/p>\n","protected":false},"excerpt":{"rendered":"<p>Fernanda Lagos Rojas, estudiante de la Escuela de Ciencia Pol\u00edtica y Administraci\u00f3n P\u00fablica, campus Santiago, realizar\u00e1 un intercambio a Italia, espec\u00edficamente a la Universita degli Studi Roma durante el segundo semestre de este 2023. Al respecto, el director de la Escuela, Mario Herrera, expres\u00f3 que \u201cla internacionalizaci\u00f3n es un proceso significativo para la Universidad, para [&hellip;]<\/p>\n","protected":false},"author":2,"featured_media":1122,"comment_status":"open","ping_status":"open","sticky":false,"template":"","format":"standard","meta":[],"categories":[4],"tags":[],"_links":{"self":[{"href":"https:\/\/www.administracionpublica.utalca.cl\/index.php?rest_route=\/wp\/v2\/posts\/1121"}],"collection":[{"href":"https:\/\/www.administracionpublica.utalca.cl\/index.php?rest_route=\/wp\/v2\/posts"}],"about":[{"href":"https:\/\/www.administracionpublica.utalca.cl\/index.php?rest_route=\/wp\/v2\/types\/post"}],"author":[{"embeddable":true,"href":"https:\/\/www.administracionpublica.utalca.cl\/index.php?rest_route=\/wp\/v2\/users\/2"}],"replies":[{"embeddable":true,"href":"https:\/\/www.administracionpublica.utalca.cl\/index.php?rest_route=%2Fwp%2Fv2%2Fcomments&post=1121"}],"version-history":[{"count":3,"href":"https:\/\/www.administracionpublica.utalca.cl\/index.php?rest_route=\/wp\/v2\/posts\/1121\/revisions"}],"predecessor-version":[{"id":1150,"href":"https:\/\/www.administracionpublica.utalca.cl\/index.php?rest_route=\/wp\/v2\/posts\/1121\/revisions\/1150"}],"wp:featuredmedia":[{"embeddable":true,"href":"https:\/\/www.administracionpublica.utalca.cl\/index.php?rest_route=\/wp\/v2\/media\/1122"}],"wp:attachment":[{"href":"https:\/\/www.administracionpublica.utalca.cl\/index.php?rest_route=%2Fwp%2Fv2%2Fmedia&parent=1121"}],"wp:term":[{"taxonomy":"category","embeddable":true,"href":"https:\/\/www.administracionpublica.utalca.cl\/index.php?rest_route=%2Fwp%2Fv2%2Fcategories&post=1121"},{"taxonomy":"post_tag","embeddable":true,"href":"https:\/\/www.administracionpublica.utalca.cl\/index.php?rest_route=%2Fwp%2Fv2%2Ftags&post=1121"}],"curies":[{"name":"wp","href":"https:\/\/api.w.org\/{rel}","templated":true}]}}