{"id":1124,"date":"2023-09-08T15:53:50","date_gmt":"2023-09-08T15:53:50","guid":{"rendered":"http:\/\/www.administracionpublica.utalca.cl\/?p=1124"},"modified":"2023-09-08T16:11:04","modified_gmt":"2023-09-08T16:11:04","slug":"profesores-as-de-la-fcjs-participaron-de-seminario-en-conmemoracion-de-los-50-anos-del-golpe-de-estado","status":"publish","type":"post","link":"https:\/\/www.administracionpublica.utalca.cl\/?p=1124","title":{"rendered":"Profesores\/as de la FCJS participaron de seminario en conmemoraci\u00f3n de los 50 a\u00f1os del golpe de Estado"},"content":{"rendered":"<p>\u201cCuatro lecturas plurales sobre el quiebre institucional y social\u201d, llev\u00f3 por nombre el seminario que el Centro de Derecho de las Minor\u00edas y Gesti\u00f3n de la Diversidad junto a la Facultad de Ciencias Jur\u00eddicas y Sociales (FCJS) de la Universidad de Talca, organizaron en conmemoraci\u00f3n de los 50 a\u00f1os del golpe de Estado en Chile. <\/p>\n<p>A lo largo del d\u00eda, se presentaron cuatro paneles compuestos por profesores\/as de la FCJS que abordaron distintas aristas respecto a aquella \u00e9poca en el pa\u00eds. El primer panel se titul\u00f3: \u201cLa ruptura institucional. Origen, causas e interpretaciones\u201d, el segundo llev\u00f3 por nombre \u201cEl 11 de septiembre de 1973: visiones interpretativas de un hito hist\u00f3rico de la Rep\u00fablica y la sociedad chilenas, y sus efectos desde la mirada contempor\u00e1nea\u201d.<\/p>\n<p>El tercero se centr\u00f3 en los \u201cDerechos humanos en Chile: 1973 -1990\u201d. Y el cuarto se llam\u00f3 \u201cEl 11 de septiembre de 1973 en la perspectiva de las generaciones posteriores: la reconstituci\u00f3n de la convivencia social y pol\u00edtica, y su expresi\u00f3n jur\u00eddica\u201d. Finalmente la jornada concluy\u00f3 con un debate general en donde acad\u00e9micos y estudiantes del p\u00fablico dieron su punto de vista respecto al tema. <\/p>\n<p>Este seminario cont\u00f3 con la presencia del Secretario Regional Ministerial (Seremi) de Justicia y Derechos Humanos del Maule, Jos\u00e9 Gonz\u00e1lez Gaete, quien resalt\u00f3 la importancia de \u201cestas citas en donde la academia muestra c\u00f3mo hemos sido como pa\u00eds, incluso el comportamiento del Poder Judicial en aquel entonces\u201d. <\/p>\n<p>Detall\u00f3 que \u201cen la actualidad el presidente de la Rep\u00fablica, Gabriel Boric, ya ha firmado el decreto para establecer una pol\u00edtica de Estado llamada Plan de B\u00fasqueda que tiene como objetivo buscar a los detenidos desaparecidos, trazar una ruta, rebuscar nuevamente en los lugares que ya se hab\u00eda trabajado, pero esta vez con las tecnolog\u00edas que tenemos hoy, como por ejemplo, el Servicio M\u00e9dico Legal\u201d. <\/p>\n<p>Por otro lado, el Jefe del Instituto Nacional de Derechos Humanos en el Maule, V\u00edctor Ipinza Silva, quien tambi\u00e9n particip\u00f3 de esta jornada, se\u00f1al\u00f3 que \u201choy existe negacionismo respecto a situaciones que fueron reales, innegables, comprobadas emp\u00edricamente y confirmadas incluso a trav\u00e9s de los Tribunales de Justicia. Por lo anterior, creemos que es fundamental que las nuevas generaciones, sobre todo los estudiantes, tengan el acceso a informaci\u00f3n de primera fuente y que desarrollen reflexiones a trav\u00e9s de m\u00f3dulos como el de hoy\u201d. <\/p>\n<p>El Decano de la FCJS, Iv\u00e1n Obando Camino, por su parte, expres\u00f3 que \u201cLa conmemoraci\u00f3n del quincuag\u00e9simo aniversario del golpe de Estado en Chile, constituye una ocasi\u00f3n para la reflexi\u00f3n, el recuerdo de la memoria hist\u00f3rica y el encuentro entre diversas generaciones con miras a analizar lo sucedido, a procurar la construcci\u00f3n de un mejor pa\u00eds y a avanzar hacia la reconciliaci\u00f3n sobre la base de la verdad, reparaci\u00f3n y justicia efectiva para las miles de chilenas\/os que sufren a\u00fan las consecuencias de dicho evento\u201d. <\/p>\n<p>Finalmente, el Director del Centro de las Minor\u00edas y Gesti\u00f3n de la Diversidad, Jorge del Pic\u00f3 Rubio en tanto, reflexion\u00f3 que probablemente en esta conmemoraci\u00f3n sea \u201cla \u00faltima oportunidad para que nuestros estudiantes puedan preguntar a los profesores\/as que vivieron de manera directa el golpe de Estado sus experiencias y eso contribuya a generar su propia opini\u00f3n y puedan tomar nota de c\u00f3mo evitar ciertas espirales de confrontaci\u00f3n y violencia que nos llevar\u00edan a situaciones que no quisi\u00e9ramos volver a repetir\u201d. <\/p>\n","protected":false},"excerpt":{"rendered":"<p>\u201cCuatro lecturas plurales sobre el quiebre institucional y social\u201d, llev\u00f3 por nombre el seminario que el Centro de Derecho de las Minor\u00edas y Gesti\u00f3n de la Diversidad junto a la Facultad de Ciencias Jur\u00eddicas y Sociales (FCJS) de la Universidad de Talca, organizaron en conmemoraci\u00f3n de los 50 a\u00f1os del golpe de Estado en Chile. [&hellip;]<\/p>\n","protected":false},"author":2,"featured_media":1127,"comment_status":"open","ping_status":"open","sticky":false,"template":"","format":"standard","meta":[],"categories":[4],"tags":[],"_links":{"self":[{"href":"https:\/\/www.administracionpublica.utalca.cl\/index.php?rest_route=\/wp\/v2\/posts\/1124"}],"collection":[{"href":"https:\/\/www.administracionpublica.utalca.cl\/index.php?rest_route=\/wp\/v2\/posts"}],"about":[{"href":"https:\/\/www.administracionpublica.utalca.cl\/index.php?rest_route=\/wp\/v2\/types\/post"}],"author":[{"embeddable":true,"href":"https:\/\/www.administracionpublica.utalca.cl\/index.php?rest_route=\/wp\/v2\/users\/2"}],"replies":[{"embeddable":true,"href":"https:\/\/www.administracionpublica.utalca.cl\/index.php?rest_route=%2Fwp%2Fv2%2Fcomments&post=1124"}],"version-history":[{"count":3,"href":"https:\/\/www.administracionpublica.utalca.cl\/index.php?rest_route=\/wp\/v2\/posts\/1124\/revisions"}],"predecessor-version":[{"id":1138,"href":"https:\/\/www.administracionpublica.utalca.cl\/index.php?rest_route=\/wp\/v2\/posts\/1124\/revisions\/1138"}],"wp:featuredmedia":[{"embeddable":true,"href":"https:\/\/www.administracionpublica.utalca.cl\/index.php?rest_route=\/wp\/v2\/media\/1127"}],"wp:attachment":[{"href":"https:\/\/www.administracionpublica.utalca.cl\/index.php?rest_route=%2Fwp%2Fv2%2Fmedia&parent=1124"}],"wp:term":[{"taxonomy":"category","embeddable":true,"href":"https:\/\/www.administracionpublica.utalca.cl\/index.php?rest_route=%2Fwp%2Fv2%2Fcategories&post=1124"},{"taxonomy":"post_tag","embeddable":true,"href":"https:\/\/www.administracionpublica.utalca.cl\/index.php?rest_route=%2Fwp%2Fv2%2Ftags&post=1124"}],"curies":[{"name":"wp","href":"https:\/\/api.w.org\/{rel}","templated":true}]}}