{"id":1173,"date":"2023-09-29T15:26:02","date_gmt":"2023-09-29T15:26:02","guid":{"rendered":"http:\/\/www.administracionpublica.utalca.cl\/?p=1173"},"modified":"2023-09-29T18:03:40","modified_gmt":"2023-09-29T18:03:40","slug":"escuela-de-ciencia-politica-y-administracion-publica-campus-talca-celebro-su-aniversario-n6","status":"publish","type":"post","link":"https:\/\/www.administracionpublica.utalca.cl\/?p=1173","title":{"rendered":"Escuela de Ciencia Pol\u00edtica y Administraci\u00f3n P\u00fablica campus Talca celebr\u00f3 su sexto aniversario"},"content":{"rendered":"<p>Entre juegos, concursos, cantos y bailes se celebr\u00f3 el aniversario n\u00famero seis de la Escuela de Ciencia Pol\u00edtica y Administraci\u00f3n P\u00fablica, campus Talca de la Facultad de Ciencias Jur\u00eddicas y Sociales este mi\u00e9rcoles 27 y jueves 28 de septiembre.<\/p>\n<p>Al respecto, el decano de la FCJS, Iv\u00e1n Obando Camino, se\u00f1al\u00f3 que esta celebraci\u00f3n es motivo de alegr\u00eda, ya que, \u201cesta carrera construye un proyecto muy preciado para nuestra facultad dado su innegable impacto en la descentralizaci\u00f3n futura del pa\u00eds, en el mejoramiento de los est\u00e1ndares de la administraci\u00f3n del Estado y servicio de las comunidades y territorios\u201d.\u00a0\u00a0\u00a0<\/p>\n<p>Por su parte, el director de la Escuela de Ciencia Pol\u00edtica y Administraci\u00f3n P\u00fablica, campus Talca, Fernando Soto, expres\u00f3 estar \u201cmuy contento de que nuevos estudiantes hayan podido celebrar nuestro aniversario. Es un espacio de esparcimiento para que ellos puedan conocerse y renovar una m\u00edstica tan bonita como esta\u201d.\u00a0\u00a0\t <\/p>\n<p>Cabe se\u00f1alar que este a\u00f1o es el primer aniversario con un Centro de General de Estudiantes oficial de la carrera, al respecto, Cesar Ponce, presidente del centro, destac\u00f3 que incluso se adjudicaron \u201ca un proyecto para conseguir fondos y costear todas las actividades que se han realizado\u201d. <\/p>\n<p>Agreg\u00f3 que \u201cel objetivo de este aniversario no era solo competir, sino que unir a las generaciones, que se conocieran un poco m\u00e1s para que as\u00ed los chicos\/as tuvieran relaciones de amistad y compa\u00f1erismo un poco m\u00e1s profundas y lograran escapar un poco de todo lo acad\u00e9mico\u201d. \t<\/p>\n<p>Bajo esa l\u00ednea, Martina Alarc\u00f3n, secretaria del Centro General de Estudiantes de Administraci\u00f3n P\u00fablica, campus Talca, record\u00f3 que al menos tres generaciones estuvieron uno o dos a\u00f1os en pandemia, por lo que esto \u201ces un hito importante para que nos podamos conectar\u201d. <\/p>\n<p>Agreg\u00f3 que esta actividad \u201cgenera una cultura e identidad, ya que, probablemente esto se siga replicando todos los a\u00f1os, incluso despu\u00e9s de que nosotros egresemos\u201d. Este a\u00f1o adem\u00e1s la Escuela recibi\u00f3 a cinco estudiantes de intercambio, sobre aquello, Martina expres\u00f3 que pensaron que quiz\u00e1s \u201cellos se iban a alejar, por temas de idioma, pero han participado mucho, eso hace que se lleven una buena impresi\u00f3n, de que hay una cercan\u00eda y que estudiar ac\u00e1 no es una experiencia tan individual\u201d.\t<\/p>\n","protected":false},"excerpt":{"rendered":"<p>Entre juegos, concursos, cantos y bailes se celebr\u00f3 el aniversario n\u00famero seis de la Escuela de Ciencia Pol\u00edtica y Administraci\u00f3n P\u00fablica, campus Talca de la Facultad de Ciencias Jur\u00eddicas y Sociales este mi\u00e9rcoles 27 y jueves 28 de septiembre. Al respecto, el decano de la FCJS, Iv\u00e1n Obando Camino, se\u00f1al\u00f3 que esta celebraci\u00f3n es motivo [&hellip;]<\/p>\n","protected":false},"author":2,"featured_media":1174,"comment_status":"open","ping_status":"open","sticky":false,"template":"","format":"standard","meta":[],"categories":[4],"tags":[],"_links":{"self":[{"href":"https:\/\/www.administracionpublica.utalca.cl\/index.php?rest_route=\/wp\/v2\/posts\/1173"}],"collection":[{"href":"https:\/\/www.administracionpublica.utalca.cl\/index.php?rest_route=\/wp\/v2\/posts"}],"about":[{"href":"https:\/\/www.administracionpublica.utalca.cl\/index.php?rest_route=\/wp\/v2\/types\/post"}],"author":[{"embeddable":true,"href":"https:\/\/www.administracionpublica.utalca.cl\/index.php?rest_route=\/wp\/v2\/users\/2"}],"replies":[{"embeddable":true,"href":"https:\/\/www.administracionpublica.utalca.cl\/index.php?rest_route=%2Fwp%2Fv2%2Fcomments&post=1173"}],"version-history":[{"count":4,"href":"https:\/\/www.administracionpublica.utalca.cl\/index.php?rest_route=\/wp\/v2\/posts\/1173\/revisions"}],"predecessor-version":[{"id":1178,"href":"https:\/\/www.administracionpublica.utalca.cl\/index.php?rest_route=\/wp\/v2\/posts\/1173\/revisions\/1178"}],"wp:featuredmedia":[{"embeddable":true,"href":"https:\/\/www.administracionpublica.utalca.cl\/index.php?rest_route=\/wp\/v2\/media\/1174"}],"wp:attachment":[{"href":"https:\/\/www.administracionpublica.utalca.cl\/index.php?rest_route=%2Fwp%2Fv2%2Fmedia&parent=1173"}],"wp:term":[{"taxonomy":"category","embeddable":true,"href":"https:\/\/www.administracionpublica.utalca.cl\/index.php?rest_route=%2Fwp%2Fv2%2Fcategories&post=1173"},{"taxonomy":"post_tag","embeddable":true,"href":"https:\/\/www.administracionpublica.utalca.cl\/index.php?rest_route=%2Fwp%2Fv2%2Ftags&post=1173"}],"curies":[{"name":"wp","href":"https:\/\/api.w.org\/{rel}","templated":true}]}}