{"id":1193,"date":"2023-10-18T18:29:30","date_gmt":"2023-10-18T18:29:30","guid":{"rendered":"http:\/\/www.administracionpublica.utalca.cl\/?p=1193"},"modified":"2023-10-19T11:50:54","modified_gmt":"2023-10-19T11:50:54","slug":"equipo-de-la-fcjs-consiguio-2-lugar-en-el-campeonato-de-atletismo-interfacultades-2023","status":"publish","type":"post","link":"https:\/\/www.administracionpublica.utalca.cl\/?p=1193","title":{"rendered":"Equipo de la FCJS consigui\u00f3 2\u00b0 lugar en el Campeonato de Atletismo Interfacultades 2023"},"content":{"rendered":"<p>El equipo de atletismo de la Facultad de Ciencias Jur\u00eddicas y Sociales (FCJS), consigui\u00f3 el segundo lugar en el Campeonato de Atletismo Interfacultades 2023, organizado por la Universidad de Talca.<\/p>\n<p>Entre los atletas participantes estaban, de izquierda a derecha como se ve en la fotograf\u00eda de portada: Andr\u00e9s Felipe Roco y \u00c1ngel Fontt Ar\u00e9valo de la carrera de Derecho campus Talca, Mauricio Gonz\u00e1lez, de Administraci\u00f3n P\u00fablica, campus Santiago, Macarena Miranda, de Administraci\u00f3n P\u00fablica, campus Talca y Anastasia Pe\u00f1a, Lucila Aravena y Carolina Far\u00edas de Derecho campus Talca tambi\u00e9n.<\/p>\n<p>Al respecto, \u00c1ngel Fontt, detall\u00f3 lo siguiente: \u201cnuestro equipo de atletismo de la Facultad, obtuvo el segundo lugar con 62 puntos, siendo superado por la Facultad de Econom\u00eda y Negocios con solo 64 puntos\u201d.<\/p>\n<p>Agreg\u00f3 que \u201csiendo un peque\u00f1o grupo de atletas, pudimos representar con energ\u00eda, mucha fuerza y convicci\u00f3n a nuestra Facultad, en las pruebas de 100 metros planos, 400 metros planos, 1500 metros planos, salto largo y lanzamiento de disco\u201d.<\/p>\n<p>A continuaci\u00f3n, el detalle de lo que consigui\u00f3 cada deportista:<\/p>\n<p><strong>Administraci\u00f3n P\u00fablica (Talca)<\/strong><br \/>\nMacarena Miranda Novoa<br \/>\n400 mts segundo lugar<br \/>\nPosta 4&#215;100 cuarto lugar<\/p>\n<p><strong>Administraci\u00f3n P\u00fablica (Santiago)<\/strong><br \/>\nMauricio Gonz\u00e1lez Rojas<br \/>\n1500 primer lugar<br \/>\n400 mts segundo lugar<br \/>\nPosta 4&#215;100 cuarto lugar<\/p>\n<p><strong>Derecho<\/strong><br \/>\n\u00c1ngel Fontt Ar\u00e9valo<br \/>\n100 mts<br \/>\nSalto largo<br \/>\n4&#215;100 cuarto lugar<\/p>\n<p>Lucila Aravena<br \/>\n100 mts<br \/>\nSalto largo 5ta<br \/>\n400 mts tercer lugar<br \/>\n4&#215;100 cuarto lugar<\/p>\n<p>Andr\u00e9s Felipe Roco<br \/>\nDisco<br \/>\n1500<\/p>\n<p>Carolina Far\u00edas Almonacid<br \/>\nDisco cuarto lugar<\/p>\n<p>Anastasia Pe\u00f1a<br \/>\n1500 quinto lugar<br \/>\nDisco quinto lugar<\/p>\n","protected":false},"excerpt":{"rendered":"<p>El equipo de atletismo de la Facultad de Ciencias Jur\u00eddicas y Sociales (FCJS), consigui\u00f3 el segundo lugar en el Campeonato de Atletismo Interfacultades 2023, organizado por la Universidad de Talca. Entre los atletas participantes estaban, de izquierda a derecha como se ve en la fotograf\u00eda de portada: Andr\u00e9s Felipe Roco y \u00c1ngel Fontt Ar\u00e9valo de [&hellip;]<\/p>\n","protected":false},"author":2,"featured_media":1194,"comment_status":"open","ping_status":"open","sticky":false,"template":"","format":"standard","meta":[],"categories":[4],"tags":[],"_links":{"self":[{"href":"https:\/\/www.administracionpublica.utalca.cl\/index.php?rest_route=\/wp\/v2\/posts\/1193"}],"collection":[{"href":"https:\/\/www.administracionpublica.utalca.cl\/index.php?rest_route=\/wp\/v2\/posts"}],"about":[{"href":"https:\/\/www.administracionpublica.utalca.cl\/index.php?rest_route=\/wp\/v2\/types\/post"}],"author":[{"embeddable":true,"href":"https:\/\/www.administracionpublica.utalca.cl\/index.php?rest_route=\/wp\/v2\/users\/2"}],"replies":[{"embeddable":true,"href":"https:\/\/www.administracionpublica.utalca.cl\/index.php?rest_route=%2Fwp%2Fv2%2Fcomments&post=1193"}],"version-history":[{"count":4,"href":"https:\/\/www.administracionpublica.utalca.cl\/index.php?rest_route=\/wp\/v2\/posts\/1193\/revisions"}],"predecessor-version":[{"id":1213,"href":"https:\/\/www.administracionpublica.utalca.cl\/index.php?rest_route=\/wp\/v2\/posts\/1193\/revisions\/1213"}],"wp:featuredmedia":[{"embeddable":true,"href":"https:\/\/www.administracionpublica.utalca.cl\/index.php?rest_route=\/wp\/v2\/media\/1194"}],"wp:attachment":[{"href":"https:\/\/www.administracionpublica.utalca.cl\/index.php?rest_route=%2Fwp%2Fv2%2Fmedia&parent=1193"}],"wp:term":[{"taxonomy":"category","embeddable":true,"href":"https:\/\/www.administracionpublica.utalca.cl\/index.php?rest_route=%2Fwp%2Fv2%2Fcategories&post=1193"},{"taxonomy":"post_tag","embeddable":true,"href":"https:\/\/www.administracionpublica.utalca.cl\/index.php?rest_route=%2Fwp%2Fv2%2Ftags&post=1193"}],"curies":[{"name":"wp","href":"https:\/\/api.w.org\/{rel}","templated":true}]}}