{"id":1196,"date":"2023-10-18T18:34:01","date_gmt":"2023-10-18T18:34:01","guid":{"rendered":"http:\/\/www.administracionpublica.utalca.cl\/?p=1196"},"modified":"2023-10-18T18:34:01","modified_gmt":"2023-10-18T18:34:01","slug":"facultad-de-ciencias-juridicas-y-sociales-de-la-utalca-celebro-sus-31-anos-con-emotiva-ceremonia","status":"publish","type":"post","link":"https:\/\/www.administracionpublica.utalca.cl\/?p=1196","title":{"rendered":"Facultad de Ciencias Jur\u00eddicas y Sociales de la UTalca celebr\u00f3 sus 31 a\u00f1os con emotiva ceremonia"},"content":{"rendered":"<p>La Facultad de Ciencias Jur\u00eddicas y Sociales de la Universidad de Talca celebr\u00f3 sus 31 a\u00f1os con una ceremonia en donde se reconoci\u00f3 a la primera mujer graduada de la Facultad, la ahora Jueza del Primer Juzgado de Polic\u00eda Local de Curic\u00f3, Andrea Cavalla Penroz y a la profesora conferenciante con m\u00e1s trayectoria, Marcela Acu\u00f1a San Mart\u00edn.<\/p>\n<p>Al respecto, el decano de la Facultad de Ciencias Jur\u00eddicas y Sociales, Iv\u00e1n Obando Camino, se\u00f1al\u00f3 que en este aniversario \u201crealizamos una visi\u00f3n retrospectiva, de ninguna manera autocomplaciente, sino que cr\u00edtica y rescatamos tambi\u00e9n los puntos positivos que han proyectado a nuestra \u00e1rea acad\u00e9mica en sus aspectos docentes, investigativos y de extensi\u00f3n y recibimos los nuevos desaf\u00edos que se nos presenten para lograr una mejor Facultad en el futuro\u201d.<\/p>\n<p>En relaci\u00f3n a la primera mujer graduada, indic\u00f3 que se trata de \u201cun gran ejemplo y un est\u00edmulo para las futuras abogadas y profesionales que se est\u00e1n formando en nuestra Facultad\u201d. Sobre la profesora Acu\u00f1a en tanto, indic\u00f3 que agradece \u201csu dedicaci\u00f3n con nuestro proyecto educativo, nuestros estudiantes y la compa\u00f1\u00eda que nos ha brindado como compa\u00f1era de trabajo todos estos a\u00f1os\u201d.<\/p>\n<p>La Jueza del Primer Juzgado de Polic\u00eda Local de Curic\u00f3, Andrea Cavalla Penroz, quien se gradu\u00f3 el 24 de junio del a\u00f1o 1999 por su parte, se refiri\u00f3 a las dificultades de convertirse en abogada en los a\u00f1os 90\u00b4 y expres\u00f3 que para ella es \u201cun honor haber recibido este reconocimiento tras ser la primera abogada de la Universidad de Talca, hoy vengo a contarles lo que ha significado para m\u00ed esta Facultad y c\u00f3mo transform\u00f3 mi vida y la de quienes me rodean\u201d.<\/p>\n<p><img loading=\"lazy\" class=\"alignnone wp-image-3268\" src=\"http:\/\/www.juridicasysociales.utalca.cl\/wp-content\/uploads\/2023\/10\/IMG_6343-300x200.jpg\" alt=\"\" width=\"726\" height=\"484\" \/><\/p>\n<p>Por otro lado, la profesora conferenciante de mayor trayectoria en la Facultad, Marcela Acu\u00f1a San Mart\u00edn, quien comenz\u00f3 sus labores el 1 de marzo del a\u00f1o 2000, fue reconocida por sus importantes esfuerzos a nivel investigativo, pero tambi\u00e9n a nivel de docencia. \u201cEstoy muy agradecida de que se genere esta instancia, me ha hecho recordar la cantidad de experiencias que he vivido. Esta Facultad ha pasado a ser una casa m\u00e1s para m\u00ed\u201d, asegur\u00f3.<\/p>\n<p><img loading=\"lazy\" class=\"alignnone wp-image-3269\" src=\"http:\/\/www.juridicasysociales.utalca.cl\/wp-content\/uploads\/2023\/10\/IMG_6439-300x200.jpg\" alt=\"\" width=\"720\" height=\"480\" \/><\/p>\n<p><strong>Ministra del Tribunal Constitucional Daniela Marzi\u00a0\u00a0\u00a0\u00a0\u00a0\u00a0 <\/strong><\/p>\n<p>Sumado a lo anterior, la Ministra del Tribunal Constitucional, Daniela Marzi Mu\u00f1oz, ofreci\u00f3 una conferencia \u00a0titulada: \u201cJurisprudencia reciente e interpretaci\u00f3n constitucional\u201d, en donde se refiri\u00f3 a \u201calgunas sentencias recientes del Tribunal Constitucional considerando la impronta que tiene a prop\u00f3sito de los derechos humanos, derechos laborales\u201d, se\u00f1al\u00f3.<\/p>\n<p>Agreg\u00f3 que \u201cse trata de una instancia interesante para plantear algunas preguntas y cuestiones que est\u00e1n ocurriendo en la jurisprudencia del Tribunal Constitucional orientado al Derecho Constitucional y al Derecho Internacional de los Derechos Humanos\u201d.<\/p>\n<p>Algunas de las sentencias a las que se refiri\u00f3 fueron al caso conocido como postnatal parental de 2012 y 2013, el cual \u00abprodujo un efecto no previsto y era que se aplicaba el l\u00edmite del subsidio en las remuneraciones de las funcionarias p\u00fablicas, y en el caso de las funcionarias de alta remuneraci\u00f3n, esto significaba que el subsidio disminu\u00eda su remuneraci\u00f3n hasta cerca de la mitad2\u00bb, explic\u00f3 Marzi.<\/p>\n<p>La otra sentencia a la que hizo referencia la Ministra, fue cuando se solicit\u00f3 la declaraci\u00f3n de inaplicabilidad del art\u00edculo 12 de la ley 6.441 que permit\u00eda la rebaja de penas en relaci\u00f3n con cr\u00edmenes de simples delitos contra el orden de la familia, la moralidad p\u00fablica, la integridad sexual, en aquellos casos que el perpetrador haya sido una persona originaria de Rapanui, agreg\u00f3 que en aquel momento diputados argumentaron que esto formaba parte de costumbres ancestrales.<\/p>\n<p>Finalmente, el decano de la Facultad, Iv\u00e1n Obando Camino, a\u00f1adi\u00f3 que \u201cel Tribunal Constitucional ha experimentado cambios en su jurisprudencia reciente, aquello incluy\u00f3 cambios en la integraci\u00f3n, por ejemplo, por primera vez desde que asumi\u00f3 la ministra Marzi, \u00a0el TC tuvo una mayor presencia de abogadas en su seno y desde ese punto de vista ha habido modificaciones en la l\u00ednea jurisprudencial sobre todo en la del derecho del trabajo, derechos civiles, etc\u201d.<\/p>\n<p><img loading=\"lazy\" class=\"alignnone wp-image-3270\" src=\"http:\/\/www.juridicasysociales.utalca.cl\/wp-content\/uploads\/2023\/10\/IMG_6452-300x200.jpg\" alt=\"\" width=\"701\" height=\"467\" \/><\/p>\n","protected":false},"excerpt":{"rendered":"<p>La Facultad de Ciencias Jur\u00eddicas y Sociales de la Universidad de Talca celebr\u00f3 sus 31 a\u00f1os con una ceremonia en donde se reconoci\u00f3 a la primera mujer graduada de la Facultad, la ahora Jueza del Primer Juzgado de Polic\u00eda Local de Curic\u00f3, Andrea Cavalla Penroz y a la profesora conferenciante con m\u00e1s trayectoria, Marcela Acu\u00f1a [&hellip;]<\/p>\n","protected":false},"author":2,"featured_media":1197,"comment_status":"open","ping_status":"open","sticky":false,"template":"","format":"standard","meta":[],"categories":[4],"tags":[],"_links":{"self":[{"href":"https:\/\/www.administracionpublica.utalca.cl\/index.php?rest_route=\/wp\/v2\/posts\/1196"}],"collection":[{"href":"https:\/\/www.administracionpublica.utalca.cl\/index.php?rest_route=\/wp\/v2\/posts"}],"about":[{"href":"https:\/\/www.administracionpublica.utalca.cl\/index.php?rest_route=\/wp\/v2\/types\/post"}],"author":[{"embeddable":true,"href":"https:\/\/www.administracionpublica.utalca.cl\/index.php?rest_route=\/wp\/v2\/users\/2"}],"replies":[{"embeddable":true,"href":"https:\/\/www.administracionpublica.utalca.cl\/index.php?rest_route=%2Fwp%2Fv2%2Fcomments&post=1196"}],"version-history":[{"count":1,"href":"https:\/\/www.administracionpublica.utalca.cl\/index.php?rest_route=\/wp\/v2\/posts\/1196\/revisions"}],"predecessor-version":[{"id":1198,"href":"https:\/\/www.administracionpublica.utalca.cl\/index.php?rest_route=\/wp\/v2\/posts\/1196\/revisions\/1198"}],"wp:featuredmedia":[{"embeddable":true,"href":"https:\/\/www.administracionpublica.utalca.cl\/index.php?rest_route=\/wp\/v2\/media\/1197"}],"wp:attachment":[{"href":"https:\/\/www.administracionpublica.utalca.cl\/index.php?rest_route=%2Fwp%2Fv2%2Fmedia&parent=1196"}],"wp:term":[{"taxonomy":"category","embeddable":true,"href":"https:\/\/www.administracionpublica.utalca.cl\/index.php?rest_route=%2Fwp%2Fv2%2Fcategories&post=1196"},{"taxonomy":"post_tag","embeddable":true,"href":"https:\/\/www.administracionpublica.utalca.cl\/index.php?rest_route=%2Fwp%2Fv2%2Ftags&post=1196"}],"curies":[{"name":"wp","href":"https:\/\/api.w.org\/{rel}","templated":true}]}}