{"id":1215,"date":"2023-10-20T12:01:02","date_gmt":"2023-10-20T12:01:02","guid":{"rendered":"http:\/\/www.administracionpublica.utalca.cl\/?p=1215"},"modified":"2023-10-20T12:03:57","modified_gmt":"2023-10-20T12:03:57","slug":"profesor-cristian-pliscoff-abordo-los-desafios-para-las-y-los-proximos-administradores-publicos","status":"publish","type":"post","link":"https:\/\/www.administracionpublica.utalca.cl\/?p=1215","title":{"rendered":"Profesor Cristian Pliscoff abord\u00f3 los desaf\u00edos para las y los pr\u00f3ximos administradores p\u00fablicos"},"content":{"rendered":"<p>\u201cLa Administraci\u00f3n del Estado de las pr\u00f3ximas generaciones de administradores p\u00fablicos\u201d, llev\u00f3 por nombre la conferencia que el director de la carrera de Administraci\u00f3n P\u00fablica de la Pontificia Universidad Cat\u00f3lica de Chile, Cristian Pliscoff, ofreci\u00f3 a estudiantes y profesores de la misma carrera, pero en el campus Talca, de la Universidad de Talca.<\/p>\n<p>Al respecto, el profesor Pliscoff se\u00f1al\u00f3 que durante su presentaci\u00f3n trat\u00f3 de \u201cabordar los desaf\u00edos que tenemos aquellos que nos interesan los temas de la administraci\u00f3n p\u00fablica y poniendo \u00e9nfasis en aquellos asuntos que los estudiantes que estaban en la charla tendr\u00e1n que enfrentar cuando vayan a trabajar en el sector p\u00fablico\u201d.<\/p>\n<p>Agreg\u00f3 que \u201cel gran tema que tenemos que abordar quienes nos dedicamos a la gesti\u00f3n p\u00fablica, es la confianza, c\u00f3mo podemos lograr que la gente conf\u00ede en las instituciones p\u00fablicas\u201d. Se\u00f1al\u00f3 adem\u00e1s que es relevante \u201cc\u00f3mo formamos para que nuestros estudiantes tengan las herramientas para enfrentar aquello\u201d.<\/p>\n<p>Por su parte, el director de la Escuela de Ciencia Pol\u00edtica y Administraci\u00f3n P\u00fablica, campus Talca, Fernando Soto Ram\u00edrez, indic\u00f3 que \u201cla Administraci\u00f3n P\u00fablica est\u00e1 sometida a una serie de procesos, de cambios, de ajustes, se trata de una sociedad que adem\u00e1s es demandante que requiere administradores p\u00fablicos m\u00e1s preparados y la visi\u00f3n del profesor Pliscoff siempre va a ser \u00fatil para ilustrar estos procesos de cambio e instar a nuestros estudiantes a adentrarse en los desaf\u00edos que se vienen\u201d.<\/p>\n<p>Por otro lado, el presidente de la Federaci\u00f3n de Estudiantes y estudiante de AP, Diego Calder\u00f3n, se\u00f1al\u00f3 que el profesor \u201ctoco temas que las y los administradores p\u00fablicos debiesen tener en consideraci\u00f3n en este contexto en el que estamos inmersos. Los puntos que m\u00e1s me llamaron la atenci\u00f3n ten\u00edan que ver con la formaci\u00f3n y el c\u00f3mo incorporarse al sector p\u00fablico a trav\u00e9s del m\u00e9rito, pero tambi\u00e9n mencion\u00f3 la otra parte que era la experiencia\u201d.<\/p>\n<p>Finalmente, Francisca Arellano, estudiante de cuarto a\u00f1o de Administraci\u00f3n P\u00fablica, campus Talca, expres\u00f3 que lo que m\u00e1s le gust\u00f3 de la presentaci\u00f3n del profesor fue \u201cque nos invitara a ser personas curiosas porque siempre estamos acostumbrados a que se nos diga que tenemos que hacer lo que la ley nos permite, y no poder innovar en nuevas soluciones entonces su charla nos invita a reflexionar y a cambiar ese paradigma cuadrado y estructurado que tenemos los administradores p\u00fablicos\u201d.<\/p>\n","protected":false},"excerpt":{"rendered":"<p>\u201cLa Administraci\u00f3n del Estado de las pr\u00f3ximas generaciones de administradores p\u00fablicos\u201d, llev\u00f3 por nombre la conferencia que el director de la carrera de Administraci\u00f3n P\u00fablica de la Pontificia Universidad Cat\u00f3lica de Chile, Cristian Pliscoff, ofreci\u00f3 a estudiantes y profesores de la misma carrera, pero en el campus Talca, de la Universidad de Talca. Al respecto, [&hellip;]<\/p>\n","protected":false},"author":2,"featured_media":1218,"comment_status":"open","ping_status":"open","sticky":false,"template":"","format":"standard","meta":[],"categories":[4],"tags":[],"_links":{"self":[{"href":"https:\/\/www.administracionpublica.utalca.cl\/index.php?rest_route=\/wp\/v2\/posts\/1215"}],"collection":[{"href":"https:\/\/www.administracionpublica.utalca.cl\/index.php?rest_route=\/wp\/v2\/posts"}],"about":[{"href":"https:\/\/www.administracionpublica.utalca.cl\/index.php?rest_route=\/wp\/v2\/types\/post"}],"author":[{"embeddable":true,"href":"https:\/\/www.administracionpublica.utalca.cl\/index.php?rest_route=\/wp\/v2\/users\/2"}],"replies":[{"embeddable":true,"href":"https:\/\/www.administracionpublica.utalca.cl\/index.php?rest_route=%2Fwp%2Fv2%2Fcomments&post=1215"}],"version-history":[{"count":1,"href":"https:\/\/www.administracionpublica.utalca.cl\/index.php?rest_route=\/wp\/v2\/posts\/1215\/revisions"}],"predecessor-version":[{"id":1217,"href":"https:\/\/www.administracionpublica.utalca.cl\/index.php?rest_route=\/wp\/v2\/posts\/1215\/revisions\/1217"}],"wp:featuredmedia":[{"embeddable":true,"href":"https:\/\/www.administracionpublica.utalca.cl\/index.php?rest_route=\/wp\/v2\/media\/1218"}],"wp:attachment":[{"href":"https:\/\/www.administracionpublica.utalca.cl\/index.php?rest_route=%2Fwp%2Fv2%2Fmedia&parent=1215"}],"wp:term":[{"taxonomy":"category","embeddable":true,"href":"https:\/\/www.administracionpublica.utalca.cl\/index.php?rest_route=%2Fwp%2Fv2%2Fcategories&post=1215"},{"taxonomy":"post_tag","embeddable":true,"href":"https:\/\/www.administracionpublica.utalca.cl\/index.php?rest_route=%2Fwp%2Fv2%2Ftags&post=1215"}],"curies":[{"name":"wp","href":"https:\/\/api.w.org\/{rel}","templated":true}]}}