{"id":1223,"date":"2023-10-24T15:42:27","date_gmt":"2023-10-24T15:42:27","guid":{"rendered":"http:\/\/www.administracionpublica.utalca.cl\/?p=1223"},"modified":"2023-10-24T15:42:27","modified_gmt":"2023-10-24T15:42:27","slug":"director-regional-de-arquitectura-del-mop-expuso-ante-estudiantes-de-ap-campus-talca","status":"publish","type":"post","link":"https:\/\/www.administracionpublica.utalca.cl\/?p=1223","title":{"rendered":"Director regional de arquitectura del MOP expuso ante estudiantes de AP campus Talca"},"content":{"rendered":"<p>Estudiantes del m\u00f3dulo de Derecho Administrativo de la Escuela de Ciencia Pol\u00edtica y Administraci\u00f3n P\u00fablica, campus Talca, participaron de una charla ofrecida por el director de Arquitectura del Ministerio de Obras P\u00fablicas (MOP) del Maule, Rodrigo Aravena.<\/p>\n<p>Su presentaci\u00f3n llev\u00f3 por nombre: \u201cContrato administrativo: restauraci\u00f3n y puesta en valor de la Intendencia Regional del Maule\u201d, y con ella intent\u00f3 \u201ccomentar lo que hacemos dentro del MOP y tambi\u00e9n enfocarnos en lo que es la contrataci\u00f3n p\u00fablica, la obra p\u00fablica. Pusimos como ejemplo una obra emblem\u00e1tica como lo es la Intendencia Regional del Maule, los alcances y todo lo que tiene que pasar para poder volver relicitar ese proyecto\u201d, detall\u00f3 Aravena.<\/p>\n<p>Agreg\u00f3 que hablar sobre estas tem\u00e1ticas es importante para los estudiantes de la carrera de Administraci\u00f3n P\u00fablica porque \u201caqu\u00ed se puede ver la historia de lo que significa levantar una iniciativa de inversi\u00f3n, todos los procesos administrativos que ello conlleva y los diferentes grados de interrelaci\u00f3n con los otros servicios\u201d, concluy\u00f3.<\/p>\n","protected":false},"excerpt":{"rendered":"<p>Estudiantes del m\u00f3dulo de Derecho Administrativo de la Escuela de Ciencia Pol\u00edtica y Administraci\u00f3n P\u00fablica, campus Talca, participaron de una charla ofrecida por el director de Arquitectura del Ministerio de Obras P\u00fablicas (MOP) del Maule, Rodrigo Aravena. Su presentaci\u00f3n llev\u00f3 por nombre: \u201cContrato administrativo: restauraci\u00f3n y puesta en valor de la Intendencia Regional del Maule\u201d, [&hellip;]<\/p>\n","protected":false},"author":2,"featured_media":1224,"comment_status":"open","ping_status":"open","sticky":false,"template":"","format":"standard","meta":[],"categories":[4],"tags":[],"_links":{"self":[{"href":"https:\/\/www.administracionpublica.utalca.cl\/index.php?rest_route=\/wp\/v2\/posts\/1223"}],"collection":[{"href":"https:\/\/www.administracionpublica.utalca.cl\/index.php?rest_route=\/wp\/v2\/posts"}],"about":[{"href":"https:\/\/www.administracionpublica.utalca.cl\/index.php?rest_route=\/wp\/v2\/types\/post"}],"author":[{"embeddable":true,"href":"https:\/\/www.administracionpublica.utalca.cl\/index.php?rest_route=\/wp\/v2\/users\/2"}],"replies":[{"embeddable":true,"href":"https:\/\/www.administracionpublica.utalca.cl\/index.php?rest_route=%2Fwp%2Fv2%2Fcomments&post=1223"}],"version-history":[{"count":1,"href":"https:\/\/www.administracionpublica.utalca.cl\/index.php?rest_route=\/wp\/v2\/posts\/1223\/revisions"}],"predecessor-version":[{"id":1225,"href":"https:\/\/www.administracionpublica.utalca.cl\/index.php?rest_route=\/wp\/v2\/posts\/1223\/revisions\/1225"}],"wp:featuredmedia":[{"embeddable":true,"href":"https:\/\/www.administracionpublica.utalca.cl\/index.php?rest_route=\/wp\/v2\/media\/1224"}],"wp:attachment":[{"href":"https:\/\/www.administracionpublica.utalca.cl\/index.php?rest_route=%2Fwp%2Fv2%2Fmedia&parent=1223"}],"wp:term":[{"taxonomy":"category","embeddable":true,"href":"https:\/\/www.administracionpublica.utalca.cl\/index.php?rest_route=%2Fwp%2Fv2%2Fcategories&post=1223"},{"taxonomy":"post_tag","embeddable":true,"href":"https:\/\/www.administracionpublica.utalca.cl\/index.php?rest_route=%2Fwp%2Fv2%2Ftags&post=1223"}],"curies":[{"name":"wp","href":"https:\/\/api.w.org\/{rel}","templated":true}]}}