{"id":1229,"date":"2023-10-24T15:53:54","date_gmt":"2023-10-24T15:53:54","guid":{"rendered":"http:\/\/www.administracionpublica.utalca.cl\/?p=1229"},"modified":"2023-10-24T15:53:54","modified_gmt":"2023-10-24T15:53:54","slug":"equipo-de-la-direccion-de-genero-de-la-utalca-ofrecio-taller-practico-a-estudiantes-de-ap-campus-talca","status":"publish","type":"post","link":"https:\/\/www.administracionpublica.utalca.cl\/?p=1229","title":{"rendered":"Equipo de la Direcci\u00f3n de G\u00e9nero de la UTalca ofreci\u00f3 taller pr\u00e1ctico a estudiantes de AP campus Talca"},"content":{"rendered":"<p>El equipo de la Direcci\u00f3n de G\u00e9nero de la Universidad de Talca, ofreci\u00f3 un taller para los estudiantes de la Escuela de Ciencia Pol\u00edtica y Administraci\u00f3n P\u00fablica, campus Talca, de la Facultad de Ciencias Jur\u00eddicas y Sociales.<\/p>\n<p>Este se titul\u00f3: \u00abDiversidad de g\u00e9nero y comunidad LGBTIQ+\u00bb, instancia en donde se abord\u00f3 la dimensi\u00f3n conceptual y c\u00f3mo ha evolucionado en el tiempo. Sumado a aquello, se trat\u00f3 la institucionalidad p\u00fablica en la materia.<\/p>\n<p>Al respecto, el profesor del m\u00f3dulo \u201cPol\u00edticas p\u00fablicas para grupos prioritarios\u201d de la carrera, y organizador de este encuentro, Tom\u00e1s Chadwick, explic\u00f3 que esta actividad se enmarca en \u201cun ciclo de actividades que se est\u00e1n desarrollando en este m\u00f3dulo para conocer desde los expertos\/as la institucionalidad p\u00fablica de diferentes grupos en situaci\u00f3n de vulnerabilidad y donde el Estado tiene un nivel de participaci\u00f3n mayor para con ellos\u201d.<\/p>\n<p>Agreg\u00f3 que es importante \u201cel abordaje que los futuras\/os administradores p\u00fablicos van a tener para con cierto tipo de poblaci\u00f3n que est\u00e1 en situaciones desventajosas por construcciones culturales, estructurales, o individuales\u201d.<\/p>\n<p>Por su parte, el abogado de la Direcci\u00f3n de G\u00e9nero de la Universidad de Talca, David Tobar, detall\u00f3 que expusieron \u201csobre las problem\u00e1ticas principales que el grupo de disidencias sexuales y acompa\u00f1amos ese cuestionamiento respecto a una ausencia de pol\u00edticas p\u00fablicas claras respecto a este grupo prioritario partiendo por una conceptualizaci\u00f3n de cu\u00e1les son los conceptos b\u00e1sicos de la perspectiva de g\u00e9nero, tambi\u00e9n una profundizaci\u00f3n de las principales problem\u00e1ticas que vive este grupo prioritario y dimos a conocer cu\u00e1les son nuestras v\u00edas de acci\u00f3n respecto a situaciones de acoso o violencia de g\u00e9nero en la UTalca\u201d.<\/p>\n<p>Finalmente, la psic\u00f3loga de la Direcci\u00f3n de G\u00e9nero de la UTalca, Lilian Rebolledo, agreg\u00f3 que quisieron \u201ccontextualizar un poco acerca de las diversidades sexuales, las orientaciones sexuales y las identidades de g\u00e9nero, tambi\u00e9n guardar ciertas generalidades con respecto a eso, y vincularlas con las pol\u00edticas p\u00fablicas que existen actualmente en Chile para las personas LGBTIQA+. Abordamos protocolos, pol\u00edticas, reglamentos, sanciones, etc\u201d.<\/p>\n<p>Cabe se\u00f1alar que m\u00e1s adelante los estudiantes van continuar con el an\u00e1lisis de \u201cotros grupos como: personas mayores, en situaci\u00f3n de discapacidad, mujeres, pueblos originarios y ah\u00ed vamos viendo que hay diferentes tratamientos\u201d, adelant\u00f3 el profesor Tom\u00e1s.<\/p>\n","protected":false},"excerpt":{"rendered":"<p>El equipo de la Direcci\u00f3n de G\u00e9nero de la Universidad de Talca, ofreci\u00f3 un taller para los estudiantes de la Escuela de Ciencia Pol\u00edtica y Administraci\u00f3n P\u00fablica, campus Talca, de la Facultad de Ciencias Jur\u00eddicas y Sociales. Este se titul\u00f3: \u00abDiversidad de g\u00e9nero y comunidad LGBTIQ+\u00bb, instancia en donde se abord\u00f3 la dimensi\u00f3n conceptual y [&hellip;]<\/p>\n","protected":false},"author":2,"featured_media":1230,"comment_status":"open","ping_status":"open","sticky":false,"template":"","format":"standard","meta":[],"categories":[4],"tags":[],"_links":{"self":[{"href":"https:\/\/www.administracionpublica.utalca.cl\/index.php?rest_route=\/wp\/v2\/posts\/1229"}],"collection":[{"href":"https:\/\/www.administracionpublica.utalca.cl\/index.php?rest_route=\/wp\/v2\/posts"}],"about":[{"href":"https:\/\/www.administracionpublica.utalca.cl\/index.php?rest_route=\/wp\/v2\/types\/post"}],"author":[{"embeddable":true,"href":"https:\/\/www.administracionpublica.utalca.cl\/index.php?rest_route=\/wp\/v2\/users\/2"}],"replies":[{"embeddable":true,"href":"https:\/\/www.administracionpublica.utalca.cl\/index.php?rest_route=%2Fwp%2Fv2%2Fcomments&post=1229"}],"version-history":[{"count":1,"href":"https:\/\/www.administracionpublica.utalca.cl\/index.php?rest_route=\/wp\/v2\/posts\/1229\/revisions"}],"predecessor-version":[{"id":1231,"href":"https:\/\/www.administracionpublica.utalca.cl\/index.php?rest_route=\/wp\/v2\/posts\/1229\/revisions\/1231"}],"wp:featuredmedia":[{"embeddable":true,"href":"https:\/\/www.administracionpublica.utalca.cl\/index.php?rest_route=\/wp\/v2\/media\/1230"}],"wp:attachment":[{"href":"https:\/\/www.administracionpublica.utalca.cl\/index.php?rest_route=%2Fwp%2Fv2%2Fmedia&parent=1229"}],"wp:term":[{"taxonomy":"category","embeddable":true,"href":"https:\/\/www.administracionpublica.utalca.cl\/index.php?rest_route=%2Fwp%2Fv2%2Fcategories&post=1229"},{"taxonomy":"post_tag","embeddable":true,"href":"https:\/\/www.administracionpublica.utalca.cl\/index.php?rest_route=%2Fwp%2Fv2%2Ftags&post=1229"}],"curies":[{"name":"wp","href":"https:\/\/api.w.org\/{rel}","templated":true}]}}