{"id":1235,"date":"2023-10-24T16:09:08","date_gmt":"2023-10-24T16:09:08","guid":{"rendered":"http:\/\/www.administracionpublica.utalca.cl\/?p=1235"},"modified":"2023-10-24T16:09:08","modified_gmt":"2023-10-24T16:09:08","slug":"profesor-osvaldo-henriquez-participo-de-jornada-regional-de-innovacion-publica-para-la-descentralizacion","status":"publish","type":"post","link":"https:\/\/www.administracionpublica.utalca.cl\/?p=1235","title":{"rendered":"Profesor Osvaldo Henr\u00edquez particip\u00f3 de Jornada Regional de Innovaci\u00f3n P\u00fablica para la Descentralizaci\u00f3n"},"content":{"rendered":"<p>El profesor de la carrera de Administraci\u00f3n P\u00fablica de la Facultad de Ciencias Jur\u00eddicas y Sociales, Osvaldo Henr\u00edquez, particip\u00f3 de la Jornada Regional Innovaci\u00f3n P\u00fablica para la Descentralizaci\u00f3n este 19 de octubre.<\/p>\n<p>Se trat\u00f3 de una actividad organizada por la Direcci\u00f3n de Innovaci\u00f3n y Transferencia en el marco del convenio establecido entre la Universidad de Talca y SUBDERE Maule. Bajo esa l\u00ednea, el profesor Henr\u00edquez, se\u00f1al\u00f3 que \u201cun elemento b\u00e1sico de la descentralizaci\u00f3n es que cambian los estados en el cual se encuentran las cosas y modifica la distribuci\u00f3n del poder y ello ya es una innovaci\u00f3n\u201d.<\/p>\n<p>Agreg\u00f3 que en esta oportunidad \u201cla Subsecretar\u00eda de Desarrollo Regional tuvo una presentaci\u00f3n en que nos cont\u00f3 en qu\u00e9 estaba todo el proceso, en materia de descentralizaci\u00f3n fiscal, administrativa, del proceso de traspaso de competencias y a m\u00ed me toc\u00f3 contar de qu\u00e9 se trataba, c\u00f3mo ve\u00edamos nosotros desde la academia la descentralizaci\u00f3n y c\u00f3mo incorporamos los elementos de innovaci\u00f3n\u201d.<\/p>\n<p>A modo de ejemplo el docente habl\u00f3 sobre las \u201cdefiniciones OCDE sobre innovaci\u00f3n que tienen que ver con cambios sustantivos sobre los marcos regulatorios que permiten generar cambios en la estructura y funcionamiento del servicio o mejora, entonces c\u00f3mo eso es aplicable en la pol\u00edtica p\u00fablica de descentralizaci\u00f3n\u00bb.<\/p>\n","protected":false},"excerpt":{"rendered":"<p>El profesor de la carrera de Administraci\u00f3n P\u00fablica de la Facultad de Ciencias Jur\u00eddicas y Sociales, Osvaldo Henr\u00edquez, particip\u00f3 de la Jornada Regional Innovaci\u00f3n P\u00fablica para la Descentralizaci\u00f3n este 19 de octubre. Se trat\u00f3 de una actividad organizada por la Direcci\u00f3n de Innovaci\u00f3n y Transferencia en el marco del convenio establecido entre la Universidad de [&hellip;]<\/p>\n","protected":false},"author":2,"featured_media":1236,"comment_status":"open","ping_status":"open","sticky":false,"template":"","format":"standard","meta":[],"categories":[4],"tags":[],"_links":{"self":[{"href":"https:\/\/www.administracionpublica.utalca.cl\/index.php?rest_route=\/wp\/v2\/posts\/1235"}],"collection":[{"href":"https:\/\/www.administracionpublica.utalca.cl\/index.php?rest_route=\/wp\/v2\/posts"}],"about":[{"href":"https:\/\/www.administracionpublica.utalca.cl\/index.php?rest_route=\/wp\/v2\/types\/post"}],"author":[{"embeddable":true,"href":"https:\/\/www.administracionpublica.utalca.cl\/index.php?rest_route=\/wp\/v2\/users\/2"}],"replies":[{"embeddable":true,"href":"https:\/\/www.administracionpublica.utalca.cl\/index.php?rest_route=%2Fwp%2Fv2%2Fcomments&post=1235"}],"version-history":[{"count":1,"href":"https:\/\/www.administracionpublica.utalca.cl\/index.php?rest_route=\/wp\/v2\/posts\/1235\/revisions"}],"predecessor-version":[{"id":1237,"href":"https:\/\/www.administracionpublica.utalca.cl\/index.php?rest_route=\/wp\/v2\/posts\/1235\/revisions\/1237"}],"wp:featuredmedia":[{"embeddable":true,"href":"https:\/\/www.administracionpublica.utalca.cl\/index.php?rest_route=\/wp\/v2\/media\/1236"}],"wp:attachment":[{"href":"https:\/\/www.administracionpublica.utalca.cl\/index.php?rest_route=%2Fwp%2Fv2%2Fmedia&parent=1235"}],"wp:term":[{"taxonomy":"category","embeddable":true,"href":"https:\/\/www.administracionpublica.utalca.cl\/index.php?rest_route=%2Fwp%2Fv2%2Fcategories&post=1235"},{"taxonomy":"post_tag","embeddable":true,"href":"https:\/\/www.administracionpublica.utalca.cl\/index.php?rest_route=%2Fwp%2Fv2%2Ftags&post=1235"}],"curies":[{"name":"wp","href":"https:\/\/api.w.org\/{rel}","templated":true}]}}