{"id":1242,"date":"2023-10-24T16:14:45","date_gmt":"2023-10-24T16:14:45","guid":{"rendered":"http:\/\/www.administracionpublica.utalca.cl\/?p=1242"},"modified":"2023-10-24T18:46:49","modified_gmt":"2023-10-24T18:46:49","slug":"docentes-de-administracion-publica-participaron-del-primero-congreso-patagonico-de-descentralizacion","status":"publish","type":"post","link":"https:\/\/www.administracionpublica.utalca.cl\/?p=1242","title":{"rendered":"Docentes de Administraci\u00f3n P\u00fablica participaron del Primer Congreso Patag\u00f3nico de Descentralizaci\u00f3n"},"content":{"rendered":"<p>Los docentes de la carrera de Administraci\u00f3n P\u00fablica de la Facultad de Ciencias Jur\u00eddicas y Sociales de la Universidad de Talca, participaron en el Primer Congreso Patag\u00f3nica de Descentralizaci\u00f3n titulado: \u201cLa Revoluci\u00f3n Silente\u201d, el cual se realiz\u00f3 el 12 y 13 de octubre en la Universidad de Magallanes.<\/p>\n<p>En representaci\u00f3n del Centro de An\u00e1lisis Pol\u00edtico (CAP) de la Facultad, expusieron los docentes Mario Herrera y Dr. (c) Fabi\u00e1n Belmar con una presentaci\u00f3n que llev\u00f3 por nombre: \u00abDescentralizaci\u00f3n y participaci\u00f3n ciudadana en Chile: evaluaci\u00f3n de la autonom\u00eda de los gobiernos locales\u00bb.<\/p>\n<p>El profesor Mario Herrera, recalc\u00f3 que fue \u00abEs una experiencia con \u201cuna doble contribuci\u00f3n. Por un lado, permite vincular la investigaci\u00f3n acad\u00e9mica en el \u00e1rea de la descentralizaci\u00f3n con la experiencia de los tomadores de decisiones. Esto contribuye al necesario di\u00e1logo entre la ciencia y el medio, sirviendo de contribuci\u00f3n para mejorar las pol\u00edticas en t\u00e9rminos de descentralizaci\u00f3n. Por otro lado, contribuye a insertar a nuestro Departamento en los debates regionales sobre descentralizaci\u00f3n\u201d.<\/p>\n<p>El docente de la Escuela de Ciencia Pol\u00edtica y Administraci\u00f3n P\u00fablica, campus Talca, Osvaldo Henr\u00edquez en tanto, lider\u00f3 una ponencia titulada: \u00abGanadores y perdedores del proceso de descentralizaci\u00f3n. Estrategias de los Actores en un cambio institucional gradual\u00bb.<\/p>\n<p><img loading=\"lazy\" class=\"alignnone wp-image-1244\" src=\"https:\/\/www.administracionpublica.utalca.cl\/wp-content\/uploads\/2023\/10\/thumbnail_Congreso-Patagonico-Osvaldo-300x200.jpg\" alt=\"\" width=\"702\" height=\"468\" srcset=\"https:\/\/www.administracionpublica.utalca.cl\/wp-content\/uploads\/2023\/10\/thumbnail_Congreso-Patagonico-Osvaldo-300x200.jpg 300w, https:\/\/www.administracionpublica.utalca.cl\/wp-content\/uploads\/2023\/10\/thumbnail_Congreso-Patagonico-Osvaldo-1024x683.jpg 1024w, https:\/\/www.administracionpublica.utalca.cl\/wp-content\/uploads\/2023\/10\/thumbnail_Congreso-Patagonico-Osvaldo-768x512.jpg 768w, https:\/\/www.administracionpublica.utalca.cl\/wp-content\/uploads\/2023\/10\/thumbnail_Congreso-Patagonico-Osvaldo-1536x1024.jpg 1536w, https:\/\/www.administracionpublica.utalca.cl\/wp-content\/uploads\/2023\/10\/thumbnail_Congreso-Patagonico-Osvaldo.jpg 1920w\" sizes=\"(max-width: 702px) 100vw, 702px\" \/><\/p>\n<p>Al respecto, el profesor Henr\u00edquez, detall\u00f3 que se trat\u00f3 de un congreso \u201corganizado por la Universidad de Magallanes, apoyado por el Gobierno Regional de Magallanes, una situaci\u00f3n bastante interesante. Hubo trabajos muy interesantes, en particular de descentralizaci\u00f3n fiscal, que creo que es una de las deudas pendientes en Chile respecto al proceso de descentralizaci\u00f3n\u201d.<\/p>\n","protected":false},"excerpt":{"rendered":"<p>Los docentes de la carrera de Administraci\u00f3n P\u00fablica de la Facultad de Ciencias Jur\u00eddicas y Sociales de la Universidad de Talca, participaron en el Primer Congreso Patag\u00f3nica de Descentralizaci\u00f3n titulado: \u201cLa Revoluci\u00f3n Silente\u201d, el cual se realiz\u00f3 el 12 y 13 de octubre en la Universidad de Magallanes. En representaci\u00f3n del Centro de An\u00e1lisis Pol\u00edtico [&hellip;]<\/p>\n","protected":false},"author":2,"featured_media":1243,"comment_status":"open","ping_status":"open","sticky":false,"template":"","format":"standard","meta":[],"categories":[4],"tags":[],"_links":{"self":[{"href":"https:\/\/www.administracionpublica.utalca.cl\/index.php?rest_route=\/wp\/v2\/posts\/1242"}],"collection":[{"href":"https:\/\/www.administracionpublica.utalca.cl\/index.php?rest_route=\/wp\/v2\/posts"}],"about":[{"href":"https:\/\/www.administracionpublica.utalca.cl\/index.php?rest_route=\/wp\/v2\/types\/post"}],"author":[{"embeddable":true,"href":"https:\/\/www.administracionpublica.utalca.cl\/index.php?rest_route=\/wp\/v2\/users\/2"}],"replies":[{"embeddable":true,"href":"https:\/\/www.administracionpublica.utalca.cl\/index.php?rest_route=%2Fwp%2Fv2%2Fcomments&post=1242"}],"version-history":[{"count":2,"href":"https:\/\/www.administracionpublica.utalca.cl\/index.php?rest_route=\/wp\/v2\/posts\/1242\/revisions"}],"predecessor-version":[{"id":1249,"href":"https:\/\/www.administracionpublica.utalca.cl\/index.php?rest_route=\/wp\/v2\/posts\/1242\/revisions\/1249"}],"wp:featuredmedia":[{"embeddable":true,"href":"https:\/\/www.administracionpublica.utalca.cl\/index.php?rest_route=\/wp\/v2\/media\/1243"}],"wp:attachment":[{"href":"https:\/\/www.administracionpublica.utalca.cl\/index.php?rest_route=%2Fwp%2Fv2%2Fmedia&parent=1242"}],"wp:term":[{"taxonomy":"category","embeddable":true,"href":"https:\/\/www.administracionpublica.utalca.cl\/index.php?rest_route=%2Fwp%2Fv2%2Fcategories&post=1242"},{"taxonomy":"post_tag","embeddable":true,"href":"https:\/\/www.administracionpublica.utalca.cl\/index.php?rest_route=%2Fwp%2Fv2%2Ftags&post=1242"}],"curies":[{"name":"wp","href":"https:\/\/api.w.org\/{rel}","templated":true}]}}