{"id":1251,"date":"2023-11-03T20:22:24","date_gmt":"2023-11-03T20:22:24","guid":{"rendered":"http:\/\/www.administracionpublica.utalca.cl\/?p=1251"},"modified":"2023-11-03T20:22:36","modified_gmt":"2023-11-03T20:22:36","slug":"1251","status":"publish","type":"post","link":"https:\/\/www.administracionpublica.utalca.cl\/?p=1251","title":{"rendered":"Profesores de la Facultad y Contralor Regional abordaron los desaf\u00edos del control para una administraci\u00f3n p\u00fablica moderna"},"content":{"rendered":"<p>\u201cLos desaf\u00edos del control para una administraci\u00f3n p\u00fablica moderna\u201d, llev\u00f3 por nombre el seminario en el que particip\u00f3 el Contralor Regional del Maule, Carlos Basaez y los profesores de la Facultad de Ciencias Jur\u00eddicas y Sociales de la Universidad de Talca, Gabriel Celis y Osvaldo Henr\u00edquez.<br \/>\nQuien moder\u00f3 esta instancia, fue el director de la Escuela de Ciencia Pol\u00edtica y Administraci\u00f3n P\u00fablica, campus Talca, Fernando Soto Ram\u00edrez, quien explic\u00f3 que se abordaron \u201ctres tem\u00e1ticas: en primer lugar los desaf\u00edos que tiene el control para la Contralor\u00eda General de la Rep\u00fablica, que es el \u00f3rgano superior de control e invitamos al contralor\u201d.<\/p>\n<p>Agreg\u00f3 que \u201cel profesor Gabriel Celis, profesor de Derecho Administrativo en tanto, va a analizar c\u00f3mo se aborda el control en el proyecto del texto constitucional que ser\u00e1 sometido a plebiscito prontamente, y el profesor Osvaldo Henr\u00edquez, comentar\u00e1 los problemas que est\u00e1 presentando la unidad de control interno en la implementaci\u00f3n y el desarrollo del trabajo de los gobiernos regionales\u201d.<\/p>\n<p>Al respecto, el Contralor Regional del Maule, Carlos Basaez Valdebenito, explic\u00f3 que \u201clo que vamos a compartir esta ma\u00f1ana lo vamos a centrar en algunos puntos que hemos estado trabajando en la contralor\u00eda relacionados principalmente con la confianza p\u00fablica, la corrupci\u00f3n, y las acciones que la contralor\u00eda general ha llevado para efectos de abordar estas tem\u00e1ticas\u201d.<\/p>\n<p>Por otro lado, el director de la Escuela de Derecho, campus Santiago, Gabriel Celis, indic\u00f3 expuso sobre las novedades en el sistema de control del nuevo proyecto constitucional para Chile.<\/p>\n<p>Parte de estas novedades son: \u201cla ampliaci\u00f3n de la revisi\u00f3n de los decretos, hay una posibilidad de que las c\u00e1maras puedan impugnar decretos que ya est\u00e9n totalmente tramitados, decretos del Presidente de la Rep\u00fablica\u201d, expuso Celis.<\/p>\n<p><strong>\u201c<\/strong>Otro punto es que se constitucionaliza la posibilidad de que se puedan reclamar, impugnar, los actos de la contralor\u00eda judicialmente. Hay otros cambios interesantes, como por ejemplo que los proyectos de transferencia de recursos a trav\u00e9s de convenios que hacen los \u00f3rganos de la administraci\u00f3n a los particulares, sean por concurso p\u00fablico y no por un trato directo\u201d, a\u00f1adi\u00f3.<\/p>\n<p>Y finalmente el hecho de \u201cque las responsabilidades del Estado se mantienen en un dise\u00f1o similar de que se puedan reclamar ante los Tribunales ordinarios, las actuaciones que causen da\u00f1o de la administraci\u00f3n, pero se precisan aspectos t\u00e9cnicos, que es la falta de servicio, que es un concepto que estaba en la ley de base, pero no en la Constituci\u00f3n\u201d.<\/p>\n<p>Para concluir, el acad\u00e9mico de la Escuela de Ciencia Pol\u00edtica y Administraci\u00f3n P\u00fablica, campus Talca, Osvaldo Henr\u00edquez, abord\u00f3<strong> \u201c<\/strong>las nuevas tendencias del control de la administraci\u00f3n p\u00fablica, vimos ejemplos de lo que est\u00e1 sucediendo en t\u00e9rminos de c\u00f3mo se ejerce ese control. Algunos de esos ejemplos pueden ser que los gobiernos regionales actualmente, todos hemos sabido sobre los problemas que tuvieron con las fundaciones y corporaciones, entonces veremos c\u00f3mo el dise\u00f1o institucional afect\u00f3 ese proceso y cu\u00e1nto fue el d\u00e9ficit de control o de exceso de control, etc\u201d.<\/p>\n","protected":false},"excerpt":{"rendered":"<p>\u201cLos desaf\u00edos del control para una administraci\u00f3n p\u00fablica moderna\u201d, llev\u00f3 por nombre el seminario en el que particip\u00f3 el Contralor Regional del Maule, Carlos Basaez y los profesores de la Facultad de Ciencias Jur\u00eddicas y Sociales de la Universidad de Talca, Gabriel Celis y Osvaldo Henr\u00edquez. Quien moder\u00f3 esta instancia, fue el director de la [&hellip;]<\/p>\n","protected":false},"author":2,"featured_media":1252,"comment_status":"open","ping_status":"open","sticky":false,"template":"","format":"standard","meta":[],"categories":[4],"tags":[],"_links":{"self":[{"href":"https:\/\/www.administracionpublica.utalca.cl\/index.php?rest_route=\/wp\/v2\/posts\/1251"}],"collection":[{"href":"https:\/\/www.administracionpublica.utalca.cl\/index.php?rest_route=\/wp\/v2\/posts"}],"about":[{"href":"https:\/\/www.administracionpublica.utalca.cl\/index.php?rest_route=\/wp\/v2\/types\/post"}],"author":[{"embeddable":true,"href":"https:\/\/www.administracionpublica.utalca.cl\/index.php?rest_route=\/wp\/v2\/users\/2"}],"replies":[{"embeddable":true,"href":"https:\/\/www.administracionpublica.utalca.cl\/index.php?rest_route=%2Fwp%2Fv2%2Fcomments&post=1251"}],"version-history":[{"count":2,"href":"https:\/\/www.administracionpublica.utalca.cl\/index.php?rest_route=\/wp\/v2\/posts\/1251\/revisions"}],"predecessor-version":[{"id":1254,"href":"https:\/\/www.administracionpublica.utalca.cl\/index.php?rest_route=\/wp\/v2\/posts\/1251\/revisions\/1254"}],"wp:featuredmedia":[{"embeddable":true,"href":"https:\/\/www.administracionpublica.utalca.cl\/index.php?rest_route=\/wp\/v2\/media\/1252"}],"wp:attachment":[{"href":"https:\/\/www.administracionpublica.utalca.cl\/index.php?rest_route=%2Fwp%2Fv2%2Fmedia&parent=1251"}],"wp:term":[{"taxonomy":"category","embeddable":true,"href":"https:\/\/www.administracionpublica.utalca.cl\/index.php?rest_route=%2Fwp%2Fv2%2Fcategories&post=1251"},{"taxonomy":"post_tag","embeddable":true,"href":"https:\/\/www.administracionpublica.utalca.cl\/index.php?rest_route=%2Fwp%2Fv2%2Ftags&post=1251"}],"curies":[{"name":"wp","href":"https:\/\/api.w.org\/{rel}","templated":true}]}}