{"id":1274,"date":"2023-11-21T15:08:38","date_gmt":"2023-11-21T15:08:38","guid":{"rendered":"https:\/\/www.administracionpublica.utalca.cl\/?p=1274"},"modified":"2023-11-21T15:16:54","modified_gmt":"2023-11-21T15:16:54","slug":"estudiantes-de-ap-campus-talca-realizaron-visita-interactiva-en-teleton","status":"publish","type":"post","link":"https:\/\/www.administracionpublica.utalca.cl\/?p=1274","title":{"rendered":"Estudiantes de AP campus Talca realizaron visita interactiva en Telet\u00f3n"},"content":{"rendered":"<p>Dentro de las actividades del m\u00f3dulo de Pol\u00edticas P\u00fablicas orientadas a grupos prioritarios que cursan los estudiantes de tercer a\u00f1o de la carrera de Administraci\u00f3n P\u00fablica, campus Talca, es que las y los jovenes visitaron el centro Telet\u00f3n de la ciudad en donde conocieron sus instalaciones y participaci\u00f3n de una actividad llamada \u201cPonte en mi lugar\u201d.<\/p>\n<p>All\u00ed, los estudiantes en parejas simularon la cotidianeidad de una persona no vidente circulando por distintas zonas del centro. Al respecto, el profesor a cargo del m\u00f3dulo Tom\u00e1s Chadwick, expres\u00f3 tener \u201cla convicci\u00f3n de que este tipo de actividades dinamizan el conocimiento y activan el aprendizaje. Fue una jornada s\u00faper exitosa que cont\u00f3 pr\u00e1cticamente con la totalidad del curso\u201d.<\/p>\n<p><img loading=\"lazy\" class=\"alignnone wp-image-1276\" src=\"https:\/\/www.administracionpublica.utalca.cl\/wp-content\/uploads\/2023\/11\/actividad-300x169.jpg\" alt=\"\" width=\"582\" height=\"328\" srcset=\"https:\/\/www.administracionpublica.utalca.cl\/wp-content\/uploads\/2023\/11\/actividad-300x169.jpg 300w, https:\/\/www.administracionpublica.utalca.cl\/wp-content\/uploads\/2023\/11\/actividad-1024x576.jpg 1024w, https:\/\/www.administracionpublica.utalca.cl\/wp-content\/uploads\/2023\/11\/actividad-768x432.jpg 768w, https:\/\/www.administracionpublica.utalca.cl\/wp-content\/uploads\/2023\/11\/actividad-1536x864.jpg 1536w, https:\/\/www.administracionpublica.utalca.cl\/wp-content\/uploads\/2023\/11\/actividad.jpg 1920w\" sizes=\"(max-width: 582px) 100vw, 582px\" \/><\/p>\n<p>Por otro lado, el voluntario de Telet\u00f3n en Talca, Guillermo Cancino, destac\u00f3 que las visitas al centro por parte de la comunidad son importantes para que la gente sepa a d\u00f3nde van los recursos que se recaudan. Insisti\u00f3 en que la idea es \u201cconcientizar a la comunidad de la realidad, que ellos sean agentes de cambio \u00a0y que conozcan c\u00f3mo trabajamos\u201d.<\/p>\n<p>Finalmente, el estudiante del m\u00f3dulo, Juan Pablo Botazzi, coment\u00f3 que \u201cal entrar a las instalaciones se puede apreciar mejor el trabajo que aqu\u00ed se realiza, la cantidad de divisiones y la forma en c\u00f3mo est\u00e1 gestionado todo. De esta visita se pueden sacar varios aprendizajes y en el futuro tener mayor conexi\u00f3n con el centro\u201d.<\/p>\n","protected":false},"excerpt":{"rendered":"<p>Dentro de las actividades del m\u00f3dulo de Pol\u00edticas P\u00fablicas orientadas a grupos prioritarios que cursan los estudiantes de tercer a\u00f1o de la carrera de Administraci\u00f3n P\u00fablica, campus Talca, es que las y los jovenes visitaron el centro Telet\u00f3n de la ciudad en donde conocieron sus instalaciones y participaci\u00f3n de una actividad llamada \u201cPonte en mi [&hellip;]<\/p>\n","protected":false},"author":2,"featured_media":1275,"comment_status":"open","ping_status":"open","sticky":false,"template":"","format":"standard","meta":[],"categories":[4],"tags":[],"_links":{"self":[{"href":"https:\/\/www.administracionpublica.utalca.cl\/index.php?rest_route=\/wp\/v2\/posts\/1274"}],"collection":[{"href":"https:\/\/www.administracionpublica.utalca.cl\/index.php?rest_route=\/wp\/v2\/posts"}],"about":[{"href":"https:\/\/www.administracionpublica.utalca.cl\/index.php?rest_route=\/wp\/v2\/types\/post"}],"author":[{"embeddable":true,"href":"https:\/\/www.administracionpublica.utalca.cl\/index.php?rest_route=\/wp\/v2\/users\/2"}],"replies":[{"embeddable":true,"href":"https:\/\/www.administracionpublica.utalca.cl\/index.php?rest_route=%2Fwp%2Fv2%2Fcomments&post=1274"}],"version-history":[{"count":2,"href":"https:\/\/www.administracionpublica.utalca.cl\/index.php?rest_route=\/wp\/v2\/posts\/1274\/revisions"}],"predecessor-version":[{"id":1278,"href":"https:\/\/www.administracionpublica.utalca.cl\/index.php?rest_route=\/wp\/v2\/posts\/1274\/revisions\/1278"}],"wp:featuredmedia":[{"embeddable":true,"href":"https:\/\/www.administracionpublica.utalca.cl\/index.php?rest_route=\/wp\/v2\/media\/1275"}],"wp:attachment":[{"href":"https:\/\/www.administracionpublica.utalca.cl\/index.php?rest_route=%2Fwp%2Fv2%2Fmedia&parent=1274"}],"wp:term":[{"taxonomy":"category","embeddable":true,"href":"https:\/\/www.administracionpublica.utalca.cl\/index.php?rest_route=%2Fwp%2Fv2%2Fcategories&post=1274"},{"taxonomy":"post_tag","embeddable":true,"href":"https:\/\/www.administracionpublica.utalca.cl\/index.php?rest_route=%2Fwp%2Fv2%2Ftags&post=1274"}],"curies":[{"name":"wp","href":"https:\/\/api.w.org\/{rel}","templated":true}]}}