{"id":1282,"date":"2023-11-22T16:08:26","date_gmt":"2023-11-22T16:08:26","guid":{"rendered":"https:\/\/www.administracionpublica.utalca.cl\/?p=1282"},"modified":"2023-11-22T16:08:26","modified_gmt":"2023-11-22T16:08:26","slug":"seremi-de-la-mujer-y-equidad-de-genero-del-maule-expuso-sobre-el-trabajo-del-organismo-ante-estudiantes-de-ap-campus-talca","status":"publish","type":"post","link":"https:\/\/www.administracionpublica.utalca.cl\/?p=1282","title":{"rendered":"Seremi de la Mujer y Equidad de G\u00e9nero del Maule expuso sobre el trabajo del organismo ante estudiantes de AP campus Talca"},"content":{"rendered":"<p>La Secretaria Regional Ministerial (Seremi) de la Mujer y Equidad de G\u00e9nero de la regi\u00f3n del Maule, Claudia Morales, expuso frente a los estudiantes de la carrera de Administraci\u00f3n P\u00fablica, campus Talca, respecto al trabajo que realiza el organismo.<\/p>\n<p>\u201cLa idea es generar un acercamiento con todas las y los estudiantes para que conozcan lo que significa el feminismo, la historia de aquello, la desigualdad de g\u00e9nero, y qu\u00e9 hace el Estado frente a ello\u201d, parti\u00f3 diciendo la Seremi.<\/p>\n<p>Explic\u00f3 adem\u00e1s de el objetivo es \u201cexplicar c\u00f3mo ha sido la evoluci\u00f3n de las leyes que hay en nuestro pa\u00eds de acuerdo a los acuerdos internacionales, pero tambi\u00e9n c\u00f3mo nosotros vamos instalando las pol\u00edticas p\u00fablicas relacionadas a las mejora de calidad de vida de todas las personas en los diferentes espacios y territorios\u201d.<\/p>\n<p>Agreg\u00f3 que es importante exponer c\u00f3mo las seremias hacen \u201carticulaci\u00f3n, asesor\u00eda y trabajo transversal en las tem\u00e1ticas de g\u00e9nero y en la ejecuci\u00f3n de la pol\u00edtica p\u00fablica\u201d. Finalmente, se\u00f1al\u00f3 que es relevante que se conozca \u201cc\u00f3mo trabajamos las leyes que se ejecutan en nuestro territorio a trav\u00e9s de circulares, procesos administrativos para la prevenci\u00f3n, atenci\u00f3n y protecci\u00f3n de violencia de g\u00e9nero en las autonom\u00edas econ\u00f3micas de las mujeres y en sus derechos sexuales y reproductivos, por ejemplo\u201d.<\/p>\n<p>Al respecto, el profesor de la Escuela de Ciencia Pol\u00edtica y Administraci\u00f3n P\u00fablica, Tom\u00e1s Chadwick, indic\u00f3 que esta invitaci\u00f3n se enmarca en el m\u00f3dulo de Pol\u00edticas p\u00fablicas para grupos prioritarios de la carrera en donde \u201dse conoce en profundidad la funci\u00f3n de ciertos organismos desde la voz de las y los expertos respecto a tem\u00e1ticas relativas a los grupos en situaci\u00f3n de vulnerabilidad\u201d.<\/p>\n<p>Para concluir, destac\u00f3 que c\u00f3mo Escuela creen que \u201cla instancia va a ser s\u00faper provechosa porque tenemos la convicci\u00f3n de que estas actividades activan el aprendizaje de los estudiantes\u201d.<\/p>\n","protected":false},"excerpt":{"rendered":"<p>La Secretaria Regional Ministerial (Seremi) de la Mujer y Equidad de G\u00e9nero de la regi\u00f3n del Maule, Claudia Morales, expuso frente a los estudiantes de la carrera de Administraci\u00f3n P\u00fablica, campus Talca, respecto al trabajo que realiza el organismo. \u201cLa idea es generar un acercamiento con todas las y los estudiantes para que conozcan lo [&hellip;]<\/p>\n","protected":false},"author":2,"featured_media":1283,"comment_status":"open","ping_status":"open","sticky":false,"template":"","format":"standard","meta":[],"categories":[4],"tags":[],"_links":{"self":[{"href":"https:\/\/www.administracionpublica.utalca.cl\/index.php?rest_route=\/wp\/v2\/posts\/1282"}],"collection":[{"href":"https:\/\/www.administracionpublica.utalca.cl\/index.php?rest_route=\/wp\/v2\/posts"}],"about":[{"href":"https:\/\/www.administracionpublica.utalca.cl\/index.php?rest_route=\/wp\/v2\/types\/post"}],"author":[{"embeddable":true,"href":"https:\/\/www.administracionpublica.utalca.cl\/index.php?rest_route=\/wp\/v2\/users\/2"}],"replies":[{"embeddable":true,"href":"https:\/\/www.administracionpublica.utalca.cl\/index.php?rest_route=%2Fwp%2Fv2%2Fcomments&post=1282"}],"version-history":[{"count":1,"href":"https:\/\/www.administracionpublica.utalca.cl\/index.php?rest_route=\/wp\/v2\/posts\/1282\/revisions"}],"predecessor-version":[{"id":1284,"href":"https:\/\/www.administracionpublica.utalca.cl\/index.php?rest_route=\/wp\/v2\/posts\/1282\/revisions\/1284"}],"wp:featuredmedia":[{"embeddable":true,"href":"https:\/\/www.administracionpublica.utalca.cl\/index.php?rest_route=\/wp\/v2\/media\/1283"}],"wp:attachment":[{"href":"https:\/\/www.administracionpublica.utalca.cl\/index.php?rest_route=%2Fwp%2Fv2%2Fmedia&parent=1282"}],"wp:term":[{"taxonomy":"category","embeddable":true,"href":"https:\/\/www.administracionpublica.utalca.cl\/index.php?rest_route=%2Fwp%2Fv2%2Fcategories&post=1282"},{"taxonomy":"post_tag","embeddable":true,"href":"https:\/\/www.administracionpublica.utalca.cl\/index.php?rest_route=%2Fwp%2Fv2%2Ftags&post=1282"}],"curies":[{"name":"wp","href":"https:\/\/api.w.org\/{rel}","templated":true}]}}