{"id":1292,"date":"2023-11-27T17:34:43","date_gmt":"2023-11-27T17:34:43","guid":{"rendered":"https:\/\/www.administracionpublica.utalca.cl\/?p=1292"},"modified":"2023-11-27T17:34:43","modified_gmt":"2023-11-27T17:34:43","slug":"hogar-de-cristo-y-ap-campus-talca-realizaron-seminario-sobre-reinsercion-social-y-personas-en-situacion-de-calle","status":"publish","type":"post","link":"https:\/\/www.administracionpublica.utalca.cl\/?p=1292","title":{"rendered":"Hogar de Cristo y AP campus Talca realizaron seminario sobre reinserci\u00f3n social y personas en situaci\u00f3n de calle"},"content":{"rendered":"<p>\u201cReinserci\u00f3n Social y trabajo en red para personas en situaci\u00f3n de calle\u201d, llev\u00f3 por nombre el seminario organizado por la Escuela de Ciencia Pol\u00edtica y Administraci\u00f3n P\u00fablica, campus Talca y el Hogar de Cristo en donde particip\u00f3 tambi\u00e9n Gendarmer\u00eda, la carrera de Terapia Ocupacional y el Departamento de Responsabilidad Social de la Universidad de Talca.<\/p>\n<p>El Hogar de Cristo todos los a\u00f1os realiza un seminario para vincularse con la academia y este a\u00f1o quisieron hacerlo con la UTalca. En esta oportunidad, abordaron la situaci\u00f3n que viven las personas en situaci\u00f3n de calle, y c\u00f3mo funciona la reinserci\u00f3n social.<\/p>\n<p>Bajo esa l\u00ednea, el jefe de Operaci\u00f3n Social del Hogar de Cristo en Talca, Nicanor Huentemilla, se\u00f1al\u00f3 que \u201ca nivel nacional hay 19 mil personas que est\u00e1n en situaci\u00f3n de calle. Y en la regi\u00f3n del Maule hay 1.250, en donde el 41% se encuentra en Curic\u00f3, un 39% en Talca y el porcentaje restante se divide entre el resto de las comunas de la regi\u00f3n\u201d.<\/p>\n<p>Estas cifras han ido en aumento, ya que \u201cantes de la pandemia, en la regi\u00f3n hab\u00eda 830 personas en esta situaci\u00f3n\u201d, agreg\u00f3. Respecto a las causas, indic\u00f3 que \u201cpueden ser temas econ\u00f3micos, consumo problem\u00e1tico de alcohol y drogas o situaciones de quiebre familiar en donde las personas son expulsadas o se auto expulsan de su n\u00facleo m\u00e1s \u00edntimo\u201d.<\/p>\n<p>Dicho esto, se\u00f1al\u00f3 que la idea de \u201ceste seminario es que los invitados expongan cu\u00e1les son las herramientas que actualmente se utilizan para hacer frente a esta situaci\u00f3n y que estas puedan ser transmitidas a los estudiantes\u201d.<\/p>\n<p>Al respecto, la coordinadora de Extensi\u00f3n y Vinculaci\u00f3n con el Medio de la carrera de Administraci\u00f3n P\u00fablica, campus Talca, Andrea Riquelme Mi\u00f1o, explic\u00f3 que \u201cdado que la situaci\u00f3n calle es un problema social multifactorial decidimos abordar la tem\u00e1tica desde un enfoque de trabajo en red, puesto que la reinserci\u00f3n social requiere de equipos interdisciplinarios que puedan ejecutar acciones y estrategias de forma coordinada\u201d.<\/p>\n<p><strong>Trabajo en red<\/strong><\/p>\n<p>Bajo esa l\u00ednea, la encargada de Redes del Centro de Apoyo a la Integraci\u00f3n Social de Gendarmer\u00eda de Talca, Paula Vald\u00e9s Retamal, abord\u00f3<strong> \u201c<\/strong>el decreto de Ley 409, que es el derecho que tiene todo ciudadano, que alguna vez cumpli\u00f3 alguna condena, de eliminar sus antecedentes penales\u201d.<\/p>\n<p>Agreg\u00f3 que esta tem\u00e1tica est\u00e1 \u201cestrictamente relacionada con las personas en situaci\u00f3n de calle, porque muchas veces cuando los condenados por alg\u00fan delito salen en libertad, pierden sus redes de apoyo por lo que proceden a vivir en la calle\u201d.<\/p>\n<p>Por otro lado, el docente de la escuela de Terapia Ocupacional de la UTalca, Andr\u00e9s Dur\u00e1n, destac\u00f3 que su trabajo con este grupo tiene que ver con la restructuraci\u00f3n \u201cde rutinas, de actividades que sean de su cotidianeidad, de sus intereses, tratamos de resignificar roles, el rol de padre, hermano, hijo, por ejemplo\u201d.<\/p>\n<p>Indic\u00f3 adem\u00e1s que \u201ctambi\u00e9n hacemos talleres de activaci\u00f3n, tanto del punto de vista cognitivo, como del motor, la idea es colaborar en la mejora de la calidad de vida de las personas, tomando en cuenta sus h\u00e1bitos y sus motivaciones\u201d.<\/p>\n<p>Finalmente, la docente del programa de formaci\u00f3n fundamental de la l\u00ednea acad\u00e9mica de Responsabilidad Social de la UTalca, Natalia Mart\u00ednez, se\u00f1al\u00f3 que durante su exposici\u00f3n \u00a0explicaron detalles \u201csobre c\u00f3mo las intervenciones y el trabajo colaborativo en la universidad genera espacios en donde los estudiantes acceden a realidades que muchas veces no tienen tan visibilizadas, para las personas en situaci\u00f3n de calle en tanto, se abren espacios para dignificar, humanizar, resignificar, de empoderar y acceder a conocimiento\u201d.<\/p>\n","protected":false},"excerpt":{"rendered":"<p>\u201cReinserci\u00f3n Social y trabajo en red para personas en situaci\u00f3n de calle\u201d, llev\u00f3 por nombre el seminario organizado por la Escuela de Ciencia Pol\u00edtica y Administraci\u00f3n P\u00fablica, campus Talca y el Hogar de Cristo en donde particip\u00f3 tambi\u00e9n Gendarmer\u00eda, la carrera de Terapia Ocupacional y el Departamento de Responsabilidad Social de la Universidad de Talca. [&hellip;]<\/p>\n","protected":false},"author":2,"featured_media":1293,"comment_status":"open","ping_status":"open","sticky":false,"template":"","format":"standard","meta":[],"categories":[4],"tags":[],"_links":{"self":[{"href":"https:\/\/www.administracionpublica.utalca.cl\/index.php?rest_route=\/wp\/v2\/posts\/1292"}],"collection":[{"href":"https:\/\/www.administracionpublica.utalca.cl\/index.php?rest_route=\/wp\/v2\/posts"}],"about":[{"href":"https:\/\/www.administracionpublica.utalca.cl\/index.php?rest_route=\/wp\/v2\/types\/post"}],"author":[{"embeddable":true,"href":"https:\/\/www.administracionpublica.utalca.cl\/index.php?rest_route=\/wp\/v2\/users\/2"}],"replies":[{"embeddable":true,"href":"https:\/\/www.administracionpublica.utalca.cl\/index.php?rest_route=%2Fwp%2Fv2%2Fcomments&post=1292"}],"version-history":[{"count":1,"href":"https:\/\/www.administracionpublica.utalca.cl\/index.php?rest_route=\/wp\/v2\/posts\/1292\/revisions"}],"predecessor-version":[{"id":1294,"href":"https:\/\/www.administracionpublica.utalca.cl\/index.php?rest_route=\/wp\/v2\/posts\/1292\/revisions\/1294"}],"wp:featuredmedia":[{"embeddable":true,"href":"https:\/\/www.administracionpublica.utalca.cl\/index.php?rest_route=\/wp\/v2\/media\/1293"}],"wp:attachment":[{"href":"https:\/\/www.administracionpublica.utalca.cl\/index.php?rest_route=%2Fwp%2Fv2%2Fmedia&parent=1292"}],"wp:term":[{"taxonomy":"category","embeddable":true,"href":"https:\/\/www.administracionpublica.utalca.cl\/index.php?rest_route=%2Fwp%2Fv2%2Fcategories&post=1292"},{"taxonomy":"post_tag","embeddable":true,"href":"https:\/\/www.administracionpublica.utalca.cl\/index.php?rest_route=%2Fwp%2Fv2%2Ftags&post=1292"}],"curies":[{"name":"wp","href":"https:\/\/api.w.org\/{rel}","templated":true}]}}