{"id":1301,"date":"2023-11-27T19:21:32","date_gmt":"2023-11-27T19:21:32","guid":{"rendered":"https:\/\/www.administracionpublica.utalca.cl\/?p=1301"},"modified":"2023-11-28T11:16:44","modified_gmt":"2023-11-28T11:16:44","slug":"seremi-de-transportes-y-telecomunicaciones-del-maule-expuso-sobre-el-uso-de-instrumentos-de-planificacion-ante-estudiantes-de-ap-campus-talca","status":"publish","type":"post","link":"https:\/\/www.administracionpublica.utalca.cl\/?p=1301","title":{"rendered":"Seremi de Transportes y Telecomunicaciones del Maule expuso sobre el uso de instrumentos de planificaci\u00f3n ante estudiantes de AP campus Talca"},"content":{"rendered":"<p>La semana pasada comenz\u00f3 el ciclo de conversatorios organizado por la Escuela de Ciencia Pol\u00edtica y Administraci\u00f3n P\u00fablica, campus Talca, de la Facultad de Ciencias Jur\u00eddicas y Sociales de la Universidad de Talca.<\/p>\n<p>Esta actividad, denominada \u201cCiclo de administradores p\u00fablicos\/as en acci\u00f3n: experiencias y desaf\u00edos\u201d, tiene como objetivo invitar a diversos administradores p\u00fablicos\/as \u201cque se han destacado en m\u00faltiples \u00e1mbitos del quehacer nacional, regional y local a objeto de que compartan sus experiencias con nuestro estudiantes aclarando dudas, precisando los aportes que ellos puedan realizar en los diferentes \u00e1mbitos de su actividad profesional\u201d, explic\u00f3 el director de la Escuela, Fernando Soto Ram\u00edrez.<\/p>\n<p>En esta primera instancia, la expositora fue la Seremi de Transporte y Telecomunicaciones del Maule, la Sra. Ang\u00e9lica S\u00e1ez Salazar, quien realiz\u00f3 una ponencia respecto a la \u201cGesti\u00f3n p\u00fablica hacia los Gobiernos Regionales\u201d.<\/p>\n<p>Al respecto, la autoridad habl\u00f3 sobre los instrumentos de planificaci\u00f3n territorial orientados a la organizaci\u00f3n y gesti\u00f3n de inversiones a nivel local, regional y nacional. Se\u00f1al\u00f3 que la implementaci\u00f3n de estos instrumentos a veces presenta una serie de dificultades y desaf\u00edos, entre los que se encuentran la falta de coordinaci\u00f3n en los diferentes niveles de Gobierno, de participaci\u00f3n ciudadana y de recursos financieros.<\/p>\n<p>Sobre aquello, indic\u00f3 que trat\u00f3 de mostrar detalles sobre \u201cc\u00f3mo el ensamblaje debe ser coordinado con alianzas estrat\u00e9gicas, con herramientas de planificaci\u00f3n, las cuales son importantes para el desarrollo de una regi\u00f3n. La idea es que los estudiantes de Administraci\u00f3n P\u00fablica puedan empaparse de lo que es el trabajo en el Estado\u201d.<\/p>\n","protected":false},"excerpt":{"rendered":"<p>La semana pasada comenz\u00f3 el ciclo de conversatorios organizado por la Escuela de Ciencia Pol\u00edtica y Administraci\u00f3n P\u00fablica, campus Talca, de la Facultad de Ciencias Jur\u00eddicas y Sociales de la Universidad de Talca. Esta actividad, denominada \u201cCiclo de administradores p\u00fablicos\/as en acci\u00f3n: experiencias y desaf\u00edos\u201d, tiene como objetivo invitar a diversos administradores p\u00fablicos\/as \u201cque se [&hellip;]<\/p>\n","protected":false},"author":2,"featured_media":1311,"comment_status":"open","ping_status":"open","sticky":false,"template":"","format":"standard","meta":[],"categories":[4],"tags":[],"_links":{"self":[{"href":"https:\/\/www.administracionpublica.utalca.cl\/index.php?rest_route=\/wp\/v2\/posts\/1301"}],"collection":[{"href":"https:\/\/www.administracionpublica.utalca.cl\/index.php?rest_route=\/wp\/v2\/posts"}],"about":[{"href":"https:\/\/www.administracionpublica.utalca.cl\/index.php?rest_route=\/wp\/v2\/types\/post"}],"author":[{"embeddable":true,"href":"https:\/\/www.administracionpublica.utalca.cl\/index.php?rest_route=\/wp\/v2\/users\/2"}],"replies":[{"embeddable":true,"href":"https:\/\/www.administracionpublica.utalca.cl\/index.php?rest_route=%2Fwp%2Fv2%2Fcomments&post=1301"}],"version-history":[{"count":5,"href":"https:\/\/www.administracionpublica.utalca.cl\/index.php?rest_route=\/wp\/v2\/posts\/1301\/revisions"}],"predecessor-version":[{"id":1312,"href":"https:\/\/www.administracionpublica.utalca.cl\/index.php?rest_route=\/wp\/v2\/posts\/1301\/revisions\/1312"}],"wp:featuredmedia":[{"embeddable":true,"href":"https:\/\/www.administracionpublica.utalca.cl\/index.php?rest_route=\/wp\/v2\/media\/1311"}],"wp:attachment":[{"href":"https:\/\/www.administracionpublica.utalca.cl\/index.php?rest_route=%2Fwp%2Fv2%2Fmedia&parent=1301"}],"wp:term":[{"taxonomy":"category","embeddable":true,"href":"https:\/\/www.administracionpublica.utalca.cl\/index.php?rest_route=%2Fwp%2Fv2%2Fcategories&post=1301"},{"taxonomy":"post_tag","embeddable":true,"href":"https:\/\/www.administracionpublica.utalca.cl\/index.php?rest_route=%2Fwp%2Fv2%2Ftags&post=1301"}],"curies":[{"name":"wp","href":"https:\/\/api.w.org\/{rel}","templated":true}]}}