{"id":1326,"date":"2023-11-29T19:05:48","date_gmt":"2023-11-29T19:05:48","guid":{"rendered":"https:\/\/www.administracionpublica.utalca.cl\/?p=1326"},"modified":"2023-11-29T19:05:48","modified_gmt":"2023-11-29T19:05:48","slug":"estudiantes-de-ap-campus-talca-visitaron-distintas-entidades-sociales-y-gubernamentales-de-la-ciudad","status":"publish","type":"post","link":"https:\/\/www.administracionpublica.utalca.cl\/?p=1326","title":{"rendered":"Estudiantes de AP campus Talca visitaron distintas entidades sociales y gubernamentales de la ciudad"},"content":{"rendered":"<p>Los estudiantes del m\u00f3dulo Pol\u00edticas P\u00fablicas y Sociedad Civil de la Escuela de Ciencia Pol\u00edtica y Administraci\u00f3n P\u00fablica, campus Talca, de la Facultad de Ciencias Jur\u00eddicas y Sociales visitaron distintas entidades sociales y gubernamentales de la ciudad.<\/p>\n<p>En primera instancia, conocieron el trabajo que se realiza en la Divisi\u00f3n de Organizaciones Sociales de la Seremi de Gobierno.\u00a0 Seguido de aquello, recorrieron las oficinas de la Delegaci\u00f3n Presidencial Regional y de la Seremi de Bienes Nacionales.<\/p>\n<p>En el lugar, los recibi\u00f3 el Delegado Presidencial, Humberto Aqueveque quien cont\u00f3 detalles a los j\u00f3venes respecto a sus labores y las de su equipo para ayudar a la comunidad de la regi\u00f3n del Maule.<\/p>\n<p>Finalmente, los estudiantes se dirigieron a la Uni\u00f3n Comunal de Juntas de Vecinos \u00abIntendente Germ\u00e1n Castro Rojas\u00bb, en donde se reunieron con dirigentes sociales y vecinales emblem\u00e1ticos de Talca como: Catalina Lara, de la junta de vecinos \u00abLa Florida\u00bb, Guillermo Retamal de \u00abCamilo Henr\u00edquez, Las Colines\u00bb y Filomena D\u00edaz, dirigente del \u201cTerritorio 5\u201d de Talca.<\/p>\n<p>El profesor a cargo del m\u00f3dulo, Tom\u00e1s Chadwick, detall\u00f3 que all\u00ed\u00a0 realizaron \u201cun conversatorio para compartir experiencias y analizar su trabajo comunitario y la institucionalidad en materia de participaci\u00f3n, su estado y evoluci\u00f3n\u201d.<\/p>\n","protected":false},"excerpt":{"rendered":"<p>Los estudiantes del m\u00f3dulo Pol\u00edticas P\u00fablicas y Sociedad Civil de la Escuela de Ciencia Pol\u00edtica y Administraci\u00f3n P\u00fablica, campus Talca, de la Facultad de Ciencias Jur\u00eddicas y Sociales visitaron distintas entidades sociales y gubernamentales de la ciudad. En primera instancia, conocieron el trabajo que se realiza en la Divisi\u00f3n de Organizaciones Sociales de la Seremi [&hellip;]<\/p>\n","protected":false},"author":2,"featured_media":1327,"comment_status":"open","ping_status":"open","sticky":false,"template":"","format":"standard","meta":[],"categories":[4],"tags":[],"_links":{"self":[{"href":"https:\/\/www.administracionpublica.utalca.cl\/index.php?rest_route=\/wp\/v2\/posts\/1326"}],"collection":[{"href":"https:\/\/www.administracionpublica.utalca.cl\/index.php?rest_route=\/wp\/v2\/posts"}],"about":[{"href":"https:\/\/www.administracionpublica.utalca.cl\/index.php?rest_route=\/wp\/v2\/types\/post"}],"author":[{"embeddable":true,"href":"https:\/\/www.administracionpublica.utalca.cl\/index.php?rest_route=\/wp\/v2\/users\/2"}],"replies":[{"embeddable":true,"href":"https:\/\/www.administracionpublica.utalca.cl\/index.php?rest_route=%2Fwp%2Fv2%2Fcomments&post=1326"}],"version-history":[{"count":1,"href":"https:\/\/www.administracionpublica.utalca.cl\/index.php?rest_route=\/wp\/v2\/posts\/1326\/revisions"}],"predecessor-version":[{"id":1328,"href":"https:\/\/www.administracionpublica.utalca.cl\/index.php?rest_route=\/wp\/v2\/posts\/1326\/revisions\/1328"}],"wp:featuredmedia":[{"embeddable":true,"href":"https:\/\/www.administracionpublica.utalca.cl\/index.php?rest_route=\/wp\/v2\/media\/1327"}],"wp:attachment":[{"href":"https:\/\/www.administracionpublica.utalca.cl\/index.php?rest_route=%2Fwp%2Fv2%2Fmedia&parent=1326"}],"wp:term":[{"taxonomy":"category","embeddable":true,"href":"https:\/\/www.administracionpublica.utalca.cl\/index.php?rest_route=%2Fwp%2Fv2%2Fcategories&post=1326"},{"taxonomy":"post_tag","embeddable":true,"href":"https:\/\/www.administracionpublica.utalca.cl\/index.php?rest_route=%2Fwp%2Fv2%2Ftags&post=1326"}],"curies":[{"name":"wp","href":"https:\/\/api.w.org\/{rel}","templated":true}]}}