{"id":1341,"date":"2023-12-07T18:00:39","date_gmt":"2023-12-07T18:00:39","guid":{"rendered":"https:\/\/www.administracionpublica.utalca.cl\/?p=1341"},"modified":"2023-12-07T18:00:39","modified_gmt":"2023-12-07T18:00:39","slug":"estudiantes-de-cuarto-ano-campus-santiago-y-talca-participaron-de-charlas-sobre-los-ajustes-de-los-modulos-de-seminario-de-titulo-1-y-2","status":"publish","type":"post","link":"https:\/\/www.administracionpublica.utalca.cl\/?p=1341","title":{"rendered":"Estudiantes de cuarto a\u00f1o campus Santiago y Talca participaron de charlas sobre los ajustes de los m\u00f3dulos de Seminario de T\u00edtulo 1 y 2"},"content":{"rendered":"<p>Estudiantes de cuarto a\u00f1o, de la carrera de Administraci\u00f3n P\u00fablica de los campus Santiago y Talca, participaron de charlas en donde se explicaron los \u00faltimos ajustes a los m\u00f3dulos de Seminario de T\u00edtulo 1 y 2.<\/p>\n<p>La idea es actualizar a nuevas tendencias el producto, pasando de tesis a paper, para incorporar elementos aplicados en la investigaci\u00f3n que desarrollan los estudiantes.\u00a0Al respecto, el profesor Mario Herrera Mu\u00f1oz, explic\u00f3 que con esto \u201clos\/as estudiantes pueden proyectar sus temas de investigaci\u00f3n e interiorizarse con el proceso\u201d.<\/p>\n<p>Respecto a c\u00f3mo se ser\u00e1 la din\u00e1mica de los m\u00f3dulos ahora, el acad\u00e9mico detall\u00f3 que dividir\u00e1n el trabajo en dos. \u201cPrimero, los estudiantes realizar\u00e1n un Policy Paper. Este producto se caracteriza por tener una extensi\u00f3n m\u00e1s breve que una tesis tradicional, dado que su relevancia est\u00e1 orientada al caso y sus conclusiones permitiendo formular soluciones a problemas de la administraci\u00f3n p\u00fablica y la ciencia pol\u00edtica\u201d, se\u00f1al\u00f3.<\/p>\n<p>Agreg\u00f3 que el segundo producto, en tanto, ser\u00e1 una nota de investigaci\u00f3n. Indic\u00f3 que \u201cesta sigue los criterios de relevancia y rigor metodol\u00f3gico de una investigaci\u00f3n cient\u00edfica tradicional, pero tienen una extensi\u00f3n m\u00e1s breve y pretende generar una reflexi\u00f3n te\u00f3rica de los dominios de la carrera\u201d.<\/p>\n<p>Finalmente, el profesor expres\u00f3 que con este cambio creen que podr\u00e1n \u201cactualizar los productos finales de la carrera al contexto actual de investigaci\u00f3n cient\u00edfica, incorporando elementos aplicados en los trabajos de los estudiantes (\u2026) Esperamos tambi\u00e9n que, estos cambios tengan un impacto positivo en la tasa de titulaci\u00f3n oportuna y en la integraci\u00f3n entre el medio y los m\u00f3dulos\u201d.<\/p>\n<p><img loading=\"lazy\" class=\"alignnone  wp-image-1343\" src=\"https:\/\/www.administracionpublica.utalca.cl\/wp-content\/uploads\/2023\/12\/PHOTO-2023-12-01-11-19-26_2-300x225.jpg\" alt=\"\" width=\"599\" height=\"449\" srcset=\"https:\/\/www.administracionpublica.utalca.cl\/wp-content\/uploads\/2023\/12\/PHOTO-2023-12-01-11-19-26_2-300x225.jpg 300w, https:\/\/www.administracionpublica.utalca.cl\/wp-content\/uploads\/2023\/12\/PHOTO-2023-12-01-11-19-26_2-1024x768.jpg 1024w, https:\/\/www.administracionpublica.utalca.cl\/wp-content\/uploads\/2023\/12\/PHOTO-2023-12-01-11-19-26_2-768x576.jpg 768w, https:\/\/www.administracionpublica.utalca.cl\/wp-content\/uploads\/2023\/12\/PHOTO-2023-12-01-11-19-26_2-1536x1152.jpg 1536w, https:\/\/www.administracionpublica.utalca.cl\/wp-content\/uploads\/2023\/12\/PHOTO-2023-12-01-11-19-26_2.jpg 1600w\" sizes=\"(max-width: 599px) 100vw, 599px\" \/><\/p>\n","protected":false},"excerpt":{"rendered":"<p>Estudiantes de cuarto a\u00f1o, de la carrera de Administraci\u00f3n P\u00fablica de los campus Santiago y Talca, participaron de charlas en donde se explicaron los \u00faltimos ajustes a los m\u00f3dulos de Seminario de T\u00edtulo 1 y 2. La idea es actualizar a nuevas tendencias el producto, pasando de tesis a paper, para incorporar elementos aplicados en [&hellip;]<\/p>\n","protected":false},"author":2,"featured_media":1342,"comment_status":"open","ping_status":"open","sticky":false,"template":"","format":"standard","meta":[],"categories":[4],"tags":[],"_links":{"self":[{"href":"https:\/\/www.administracionpublica.utalca.cl\/index.php?rest_route=\/wp\/v2\/posts\/1341"}],"collection":[{"href":"https:\/\/www.administracionpublica.utalca.cl\/index.php?rest_route=\/wp\/v2\/posts"}],"about":[{"href":"https:\/\/www.administracionpublica.utalca.cl\/index.php?rest_route=\/wp\/v2\/types\/post"}],"author":[{"embeddable":true,"href":"https:\/\/www.administracionpublica.utalca.cl\/index.php?rest_route=\/wp\/v2\/users\/2"}],"replies":[{"embeddable":true,"href":"https:\/\/www.administracionpublica.utalca.cl\/index.php?rest_route=%2Fwp%2Fv2%2Fcomments&post=1341"}],"version-history":[{"count":1,"href":"https:\/\/www.administracionpublica.utalca.cl\/index.php?rest_route=\/wp\/v2\/posts\/1341\/revisions"}],"predecessor-version":[{"id":1344,"href":"https:\/\/www.administracionpublica.utalca.cl\/index.php?rest_route=\/wp\/v2\/posts\/1341\/revisions\/1344"}],"wp:featuredmedia":[{"embeddable":true,"href":"https:\/\/www.administracionpublica.utalca.cl\/index.php?rest_route=\/wp\/v2\/media\/1342"}],"wp:attachment":[{"href":"https:\/\/www.administracionpublica.utalca.cl\/index.php?rest_route=%2Fwp%2Fv2%2Fmedia&parent=1341"}],"wp:term":[{"taxonomy":"category","embeddable":true,"href":"https:\/\/www.administracionpublica.utalca.cl\/index.php?rest_route=%2Fwp%2Fv2%2Fcategories&post=1341"},{"taxonomy":"post_tag","embeddable":true,"href":"https:\/\/www.administracionpublica.utalca.cl\/index.php?rest_route=%2Fwp%2Fv2%2Ftags&post=1341"}],"curies":[{"name":"wp","href":"https:\/\/api.w.org\/{rel}","templated":true}]}}