{"id":1348,"date":"2023-12-11T15:28:08","date_gmt":"2023-12-11T15:28:08","guid":{"rendered":"https:\/\/www.administracionpublica.utalca.cl\/?p=1348"},"modified":"2023-12-11T15:47:06","modified_gmt":"2023-12-11T15:47:06","slug":"vicepresidenta-del-ppd-expuso-ante-estudiantes-de-ap-campus-talca-en-el-dia-del-administrador-a-publico-a","status":"publish","type":"post","link":"https:\/\/www.administracionpublica.utalca.cl\/?p=1348","title":{"rendered":"Vicepresidenta del PPD expuso ante estudiantes de AP campus Talca en el D\u00eda del Administrador\/a P\u00fablico\/a"},"content":{"rendered":"<p>Estudiantes de la carrera de Administraci\u00f3n P\u00fablica, campus Talca, celebraron el D\u00eda del Administrador\/a P\u00fablico\/a el pasado jueves siete de diciembre. Para conmemorar este d\u00eda, las y los alumnos participaron de una exposici\u00f3n ofrecida por la vicepresidenta del Partido Por la Democracia (PPD), Natalia Piergentili.<\/p>\n<p>La tambi\u00e9n administradora p\u00fablica, expuso en el marco del \u201cciclo de administradores p\u00fablicos en acci\u00f3n: experiencias y desaf\u00edos\u201d que se viene realizando hace algunas semanas, instancia en la que realiz\u00f3 una presentaci\u00f3n titulada: \u201cDesde la administraci\u00f3n p\u00fablica a la pol\u00edtica\u201d.<\/p>\n<p>All\u00ed destac\u00f3 al car\u00e1cter multidisciplinario de la profesi\u00f3n y aconsej\u00f3 a los j\u00f3venes a \u201cno tener reticencia de la pol\u00edtica, porque es eso lo que marca la pol\u00edtica p\u00fablica (\u2026) Uno de los principales desaf\u00edos de los estudiantes es entender el mundo, y en el camino ir encontrando los espacios de desarrollo profesional. Esta es una carrera importante porque puedes ser parte de equipos que cambian realidades\u201d.<\/p>\n<p>Finalmente, el director de la Escuela de Ciencia Pol\u00edtica y Administraci\u00f3n P\u00fablica, campus Talca, Fernando Soto, se\u00f1al\u00f3 que \u201ccon esta actividad conmemoramos el cierre del a\u00f1o acad\u00e9mico, ha sido un a\u00f1o muy significativo, ya tenemos nuestra primera generaci\u00f3n de egresados desde Talca y con esto ponemos en valor una profesi\u00f3n que es tan relevante para el desarrollo de nuestro pa\u00eds\u201d.<\/p>\n","protected":false},"excerpt":{"rendered":"<p>Estudiantes de la carrera de Administraci\u00f3n P\u00fablica, campus Talca, celebraron el D\u00eda del Administrador\/a P\u00fablico\/a el pasado jueves siete de diciembre. Para conmemorar este d\u00eda, las y los alumnos participaron de una exposici\u00f3n ofrecida por la vicepresidenta del Partido Por la Democracia (PPD), Natalia Piergentili. La tambi\u00e9n administradora p\u00fablica, expuso en el marco del \u201cciclo [&hellip;]<\/p>\n","protected":false},"author":2,"featured_media":1349,"comment_status":"open","ping_status":"open","sticky":false,"template":"","format":"standard","meta":[],"categories":[4],"tags":[],"_links":{"self":[{"href":"https:\/\/www.administracionpublica.utalca.cl\/index.php?rest_route=\/wp\/v2\/posts\/1348"}],"collection":[{"href":"https:\/\/www.administracionpublica.utalca.cl\/index.php?rest_route=\/wp\/v2\/posts"}],"about":[{"href":"https:\/\/www.administracionpublica.utalca.cl\/index.php?rest_route=\/wp\/v2\/types\/post"}],"author":[{"embeddable":true,"href":"https:\/\/www.administracionpublica.utalca.cl\/index.php?rest_route=\/wp\/v2\/users\/2"}],"replies":[{"embeddable":true,"href":"https:\/\/www.administracionpublica.utalca.cl\/index.php?rest_route=%2Fwp%2Fv2%2Fcomments&post=1348"}],"version-history":[{"count":2,"href":"https:\/\/www.administracionpublica.utalca.cl\/index.php?rest_route=\/wp\/v2\/posts\/1348\/revisions"}],"predecessor-version":[{"id":1357,"href":"https:\/\/www.administracionpublica.utalca.cl\/index.php?rest_route=\/wp\/v2\/posts\/1348\/revisions\/1357"}],"wp:featuredmedia":[{"embeddable":true,"href":"https:\/\/www.administracionpublica.utalca.cl\/index.php?rest_route=\/wp\/v2\/media\/1349"}],"wp:attachment":[{"href":"https:\/\/www.administracionpublica.utalca.cl\/index.php?rest_route=%2Fwp%2Fv2%2Fmedia&parent=1348"}],"wp:term":[{"taxonomy":"category","embeddable":true,"href":"https:\/\/www.administracionpublica.utalca.cl\/index.php?rest_route=%2Fwp%2Fv2%2Fcategories&post=1348"},{"taxonomy":"post_tag","embeddable":true,"href":"https:\/\/www.administracionpublica.utalca.cl\/index.php?rest_route=%2Fwp%2Fv2%2Ftags&post=1348"}],"curies":[{"name":"wp","href":"https:\/\/api.w.org\/{rel}","templated":true}]}}