{"id":1372,"date":"2023-12-22T12:49:02","date_gmt":"2023-12-22T12:49:02","guid":{"rendered":"https:\/\/www.administracionpublica.utalca.cl\/?p=1372"},"modified":"2023-12-22T12:49:02","modified_gmt":"2023-12-22T12:49:02","slug":"profesores-egresados-y-estudiante-de-administracion-publica-participaron-en-el-xiv-congreso-chileno-de-ciencia-politica","status":"publish","type":"post","link":"https:\/\/www.administracionpublica.utalca.cl\/?p=1372","title":{"rendered":"Profesores, egresados y estudiante de Administraci\u00f3n P\u00fablica participaron en el XIV Congreso Chileno de Ciencia Pol\u00edtica"},"content":{"rendered":"<p>\u201cCrisis, Cambio y Gobernabilidad: Aportes de la Ciencia Pol\u00edtica a Chile\u201d, fue la tem\u00e1tica que se abord\u00f3 este a\u00f1o en el XIV Congreso Chileno de Ciencia Pol\u00edtica, el cual se realiz\u00f3 en la Universidad de Santiago de Chile los d\u00edas 13, 14 y 15 de diciembre gracias a la organizaci\u00f3n de la Asociaci\u00f3n Chilena de Ciencia Pol\u00edtica (ACCP) en conjunto con el Departamento de Estudios Pol\u00edticos de la casa de estudios antes mencionada.<\/p>\n<p>All\u00ed participaron profesores, egresados e incluso una estudiante de la carrera de Administraci\u00f3n P\u00fablica, campus Santiago y Talca de la Facultad de Ciencias Jur\u00eddicas y Sociales de la Universidad de Talca.<\/p>\n<p>Entre ellos estaban, el acad\u00e9mico Mario Herrera Mu\u00f1oz, quien expuso sobre los \u201cCiclos pol\u00edticos y transferencias condicionales: Chile en escenario de fatiga electoral\u201d y el profesor Osvaldo Henr\u00edquez, quien particip\u00f3 del panel que abord\u00f3 el \u201cFortalecimiento del asociacionismo municipal chileno a nivel subnacional como nuevo actor de la pol\u00edtica educativa\u201d.<\/p>\n<p>Por otro lado, el coordinador del Centro de An\u00e1lisis Pol\u00edtico de nuestra Facultad, Fabi\u00e1n Belmar, disert\u00f3 sobre la \u201cTransparencia como pol\u00edtica de control de da\u00f1os. El caso de la reactiva pol\u00edtica de probidad en Chile, 1990-2020\u201d, instancia en la que tambi\u00e9n estuvo presente la coordinadora de Vinculaci\u00f3n con el Medio de AP, campus Talca, Andrea Riquelme.<\/p>\n<p>Esta \u00faltima funcionaria mencionada, tambi\u00e9n expuso respecto a los \u201cActores y Algoritmos: Un An\u00e1lisis de la Implementaci\u00f3n y Gesti\u00f3n \u00c9tica del Sistema de Admisi\u00f3n Escolar (SAE)\u201d, junto a la estudiante de cuarto a\u00f1o de la carrera, campus Talca, Sof\u00eda Fuentes.<\/p>\n<p>Finalmente, el egresado Ian Castro, realiz\u00f3 una presentaci\u00f3n sobre las \u201cDeterminantes de la Percepci\u00f3n de Noticias Falsas en la Campa\u00f1a del Plebiscito de Salida\u201d, junto al profesor Mario Herrera Mu\u00f1oz.<\/p>\n<p>Al respecto, el profesor Herrera, se\u00f1al\u00f3 que esta participaci\u00f3n permite una vinculaci\u00f3n importante de la carrera \u201ccon la red m\u00e1s importante de ciencia pol\u00edtica a nivel nacional, lo cual permite, indagar en nuevos productos de investigaci\u00f3n, as\u00ed como tambi\u00e9n formar redes que permitan insertar a nuestros futuros egresados en la disciplina de la ciencia pol\u00edtica\u201d.<\/p>\n<p>Por otro lado, el profesor Osvaldo Henr\u00edquez, destac\u00f3 el panel con el que particip\u00f3 de esta instancia, reconociendo la exposici\u00f3n de \u201cManuel S\u00e1nchez, que trabaj\u00f3 el tema de la educaci\u00f3n p\u00fablica, la constituci\u00f3n de los servicios locales de educaci\u00f3n y c\u00f3mo ese modelo a\u00fan no ha cuajado en el sector p\u00fablico chileno. Eso me pareci\u00f3 s\u00faper interesante\u00bb.<\/p>\n<p>Para finalizar, la estudiante Sof\u00eda Fuentes, manifest\u00f3 que \u201cPoder ser parte de estos espacios de reflexi\u00f3n y conocer el trabajo de tantos investigadores es realmente inspirador. Instancias como estas son de mucha ayuda para la formaci\u00f3n estudiantil y tambi\u00e9n personalmente, para ir definiendo mis intereses dentro de la Administraci\u00f3n P\u00fablica y la Ciencia Pol\u00edtica\u201d.<\/p>\n","protected":false},"excerpt":{"rendered":"<p>\u201cCrisis, Cambio y Gobernabilidad: Aportes de la Ciencia Pol\u00edtica a Chile\u201d, fue la tem\u00e1tica que se abord\u00f3 este a\u00f1o en el XIV Congreso Chileno de Ciencia Pol\u00edtica, el cual se realiz\u00f3 en la Universidad de Santiago de Chile los d\u00edas 13, 14 y 15 de diciembre gracias a la organizaci\u00f3n de la Asociaci\u00f3n Chilena de [&hellip;]<\/p>\n","protected":false},"author":2,"featured_media":1373,"comment_status":"open","ping_status":"open","sticky":false,"template":"","format":"standard","meta":[],"categories":[4],"tags":[],"_links":{"self":[{"href":"https:\/\/www.administracionpublica.utalca.cl\/index.php?rest_route=\/wp\/v2\/posts\/1372"}],"collection":[{"href":"https:\/\/www.administracionpublica.utalca.cl\/index.php?rest_route=\/wp\/v2\/posts"}],"about":[{"href":"https:\/\/www.administracionpublica.utalca.cl\/index.php?rest_route=\/wp\/v2\/types\/post"}],"author":[{"embeddable":true,"href":"https:\/\/www.administracionpublica.utalca.cl\/index.php?rest_route=\/wp\/v2\/users\/2"}],"replies":[{"embeddable":true,"href":"https:\/\/www.administracionpublica.utalca.cl\/index.php?rest_route=%2Fwp%2Fv2%2Fcomments&post=1372"}],"version-history":[{"count":1,"href":"https:\/\/www.administracionpublica.utalca.cl\/index.php?rest_route=\/wp\/v2\/posts\/1372\/revisions"}],"predecessor-version":[{"id":1374,"href":"https:\/\/www.administracionpublica.utalca.cl\/index.php?rest_route=\/wp\/v2\/posts\/1372\/revisions\/1374"}],"wp:featuredmedia":[{"embeddable":true,"href":"https:\/\/www.administracionpublica.utalca.cl\/index.php?rest_route=\/wp\/v2\/media\/1373"}],"wp:attachment":[{"href":"https:\/\/www.administracionpublica.utalca.cl\/index.php?rest_route=%2Fwp%2Fv2%2Fmedia&parent=1372"}],"wp:term":[{"taxonomy":"category","embeddable":true,"href":"https:\/\/www.administracionpublica.utalca.cl\/index.php?rest_route=%2Fwp%2Fv2%2Fcategories&post=1372"},{"taxonomy":"post_tag","embeddable":true,"href":"https:\/\/www.administracionpublica.utalca.cl\/index.php?rest_route=%2Fwp%2Fv2%2Ftags&post=1372"}],"curies":[{"name":"wp","href":"https:\/\/api.w.org\/{rel}","templated":true}]}}