{"id":1378,"date":"2024-01-11T15:32:32","date_gmt":"2024-01-11T15:32:32","guid":{"rendered":"https:\/\/www.administracionpublica.utalca.cl\/?p=1378"},"modified":"2024-01-11T15:32:32","modified_gmt":"2024-01-11T15:32:32","slug":"diecisiete-estudiantes-de-administracion-publica-campus-santiago-celebraron-su-graduacion","status":"publish","type":"post","link":"https:\/\/www.administracionpublica.utalca.cl\/?p=1378","title":{"rendered":"Diecisiete estudiantes de Administraci\u00f3n P\u00fablica campus Santiago celebraron su graduaci\u00f3n"},"content":{"rendered":"<p>Un total de 17 estudiantes de la carrera de Administraci\u00f3n P\u00fablica, de la Facultad de Ciencias Jur\u00eddicas y Sociales de la Universidad de Talca, se graduaron este mi\u00e9rcoles 10 de enero. Acompa\u00f1ados de sus profesores y seres queridos, rememoraron el gran logro de concluir esta etapa en medio de hitos nacionales y mundiales complejos, como lo fue el estallido social y la pandemia por el Covid-19.<\/p>\n<p>Al respecto, el\u00a0 Decano de la Facultad de Ciencias Jur\u00eddicas y Sociales, Iv\u00e1n Obando Camino, expres\u00f3 que \u201cse trata de estudiantes muy meritorios quienes se han ido insertando en diferentes \u00e1reas del sector p\u00fablico-privado. Nos reconforta el hecho de que hayan podido cultivar su vocaci\u00f3n y est\u00e9n desarrollando sus trayectorias profesionales\u201d.<\/p>\n<p>Por otra parte, director de la Escuela de Ciencia Pol\u00edtica y Administraci\u00f3n P\u00fablica, campus Santiago, Mario Herrera Mu\u00f1oz, se\u00f1al\u00f3 que se trata de egresados que tuvieron un camino dif\u00edcil \u201cpero logramos afortunadamente insertarlos en el mundo laboral. Estoy muy contento de que la mayor\u00eda de ellos se encuentre con trabajos relacionados a la disciplina\u201d.<\/p>\n<p>Finalmente, el estudiante destacado de la generaci\u00f3n, Isaac Baeza S\u00e1ez, destac\u00f3 que algunos aspectos positivos de la carrera fueron su \u201cgran diversidad en la malla, las posibilidades que abre al mundo laboral tanto en el \u00e1rea p\u00fablica, como privada y su calidad de profesores\u201d.<\/p>\n<p>Agreg\u00f3 que este \u201creconocimiento es fruto del sacrificio, del estudio y la perseverancia. A veces las cosas no salen como uno quiere, pero lo importante es seguir adelante. Destaco adem\u00e1s la cercan\u00eda y preocupaci\u00f3n de la profesora Alejandra M\u00e1rquez y la disponibilidad de responder dudas por parte de los profesores Mario Herrera y Mauricio Morales\u201d.<\/p>\n","protected":false},"excerpt":{"rendered":"<p>Un total de 17 estudiantes de la carrera de Administraci\u00f3n P\u00fablica, de la Facultad de Ciencias Jur\u00eddicas y Sociales de la Universidad de Talca, se graduaron este mi\u00e9rcoles 10 de enero. Acompa\u00f1ados de sus profesores y seres queridos, rememoraron el gran logro de concluir esta etapa en medio de hitos nacionales y mundiales complejos, como [&hellip;]<\/p>\n","protected":false},"author":2,"featured_media":1379,"comment_status":"open","ping_status":"open","sticky":false,"template":"","format":"standard","meta":[],"categories":[4],"tags":[],"_links":{"self":[{"href":"https:\/\/www.administracionpublica.utalca.cl\/index.php?rest_route=\/wp\/v2\/posts\/1378"}],"collection":[{"href":"https:\/\/www.administracionpublica.utalca.cl\/index.php?rest_route=\/wp\/v2\/posts"}],"about":[{"href":"https:\/\/www.administracionpublica.utalca.cl\/index.php?rest_route=\/wp\/v2\/types\/post"}],"author":[{"embeddable":true,"href":"https:\/\/www.administracionpublica.utalca.cl\/index.php?rest_route=\/wp\/v2\/users\/2"}],"replies":[{"embeddable":true,"href":"https:\/\/www.administracionpublica.utalca.cl\/index.php?rest_route=%2Fwp%2Fv2%2Fcomments&post=1378"}],"version-history":[{"count":1,"href":"https:\/\/www.administracionpublica.utalca.cl\/index.php?rest_route=\/wp\/v2\/posts\/1378\/revisions"}],"predecessor-version":[{"id":1380,"href":"https:\/\/www.administracionpublica.utalca.cl\/index.php?rest_route=\/wp\/v2\/posts\/1378\/revisions\/1380"}],"wp:featuredmedia":[{"embeddable":true,"href":"https:\/\/www.administracionpublica.utalca.cl\/index.php?rest_route=\/wp\/v2\/media\/1379"}],"wp:attachment":[{"href":"https:\/\/www.administracionpublica.utalca.cl\/index.php?rest_route=%2Fwp%2Fv2%2Fmedia&parent=1378"}],"wp:term":[{"taxonomy":"category","embeddable":true,"href":"https:\/\/www.administracionpublica.utalca.cl\/index.php?rest_route=%2Fwp%2Fv2%2Fcategories&post=1378"},{"taxonomy":"post_tag","embeddable":true,"href":"https:\/\/www.administracionpublica.utalca.cl\/index.php?rest_route=%2Fwp%2Fv2%2Ftags&post=1378"}],"curies":[{"name":"wp","href":"https:\/\/api.w.org\/{rel}","templated":true}]}}