{"id":1384,"date":"2024-01-18T13:09:04","date_gmt":"2024-01-18T13:09:04","guid":{"rendered":"https:\/\/www.administracionpublica.utalca.cl\/?p=1384"},"modified":"2024-01-23T14:09:09","modified_gmt":"2024-01-23T14:09:09","slug":"departamento-de-ciencia-politica-y-administracion-publica-inicia-conversaciones-con-utem-para-desarrollar-postgrados-en-conjunto","status":"publish","type":"post","link":"https:\/\/www.administracionpublica.utalca.cl\/?p=1384","title":{"rendered":"Departamento de Ciencia Pol\u00edtica y Administraci\u00f3n P\u00fablica inicia conversaciones con UTEM para desarrollar postgrados en conjunto"},"content":{"rendered":"<p>Representantes de la Universidad Tecnol\u00f3gica Metropolitana (UTEM) visitaron la Facultad de Ciencias Jur\u00eddicas y Sociales de la Universidad de Talca, para iniciar conversaciones con el Departamento de Ciencia Pol\u00edtica y Administraci\u00f3n P\u00fablica con el objetivo de desarrollar programas de postgrado en conjunto en el futuro.<\/p>\n<p>El decano de la Facultad, Iv\u00e1n Obando Camino, indic\u00f3 que la finalidad de esta reuni\u00f3n ha sido \u201cir concretando y avanzando una agenda de trabajo con miras a desarrollar este tipo de programas en conjunto en el \u00e1rea de las Ciencias Sociales y el Gobierno a trav\u00e9s de trav\u00e9s de su Facultad de Humanidades\u201d.<\/p>\n<p>Por otro lado, el director del Departamento de Ciencia Pol\u00edtica y Administraci\u00f3n P\u00fablica, Mario Herrera Mu\u00f1oz, detall\u00f3 que \u201ces una reuni\u00f3n de suma relevancia para los nuevos desaf\u00edos que enfrenta el Departamento. Queremos desarrollar una agenda de posgrado en el mediano-largo plazo que incluya programas de formaci\u00f3n en tres niveles: formaci\u00f3n continua, magister y doctorado\u201d.<\/p>\n<p>Agreg\u00f3 que lo anterior, \u201cles exige formar alianzas con otras instituciones para levantar proyectos s\u00f3lidos, acreditables y estables en el tiempo. Esta primera reuni\u00f3n con una delegaci\u00f3n de la UTEM va en esa direcci\u00f3n. Es decir, identificar puntos de encuentro y desarrollar una agenda conjunta de investigaci\u00f3n y posgrados\u201d.<\/p>\n<p>Finalmente, el director de Postgrado de la UTEM, Jorge Rodr\u00edguez, se\u00f1al\u00f3 que para ellos \u201cfue s\u00faper provechoso conocer la Universidad de Talca y saber que coincidimos en muchas de las visiones de desarrollo\u201d. Agreg\u00f3 que uno de esos aspectos es \u201cgenerar programas de postgrado de calidad y creemos que podemos complementarnos. Lo que sigue ahora es seguir estrechando lazos y esperamos concretar en el futuro estos proyectos\u201d.<\/p>\n","protected":false},"excerpt":{"rendered":"<p>Representantes de la Universidad Tecnol\u00f3gica Metropolitana (UTEM) visitaron la Facultad de Ciencias Jur\u00eddicas y Sociales de la Universidad de Talca, para iniciar conversaciones con el Departamento de Ciencia Pol\u00edtica y Administraci\u00f3n P\u00fablica con el objetivo de desarrollar programas de postgrado en conjunto en el futuro. El decano de la Facultad, Iv\u00e1n Obando Camino, indic\u00f3 que [&hellip;]<\/p>\n","protected":false},"author":2,"featured_media":1385,"comment_status":"open","ping_status":"open","sticky":false,"template":"","format":"standard","meta":[],"categories":[4],"tags":[],"_links":{"self":[{"href":"https:\/\/www.administracionpublica.utalca.cl\/index.php?rest_route=\/wp\/v2\/posts\/1384"}],"collection":[{"href":"https:\/\/www.administracionpublica.utalca.cl\/index.php?rest_route=\/wp\/v2\/posts"}],"about":[{"href":"https:\/\/www.administracionpublica.utalca.cl\/index.php?rest_route=\/wp\/v2\/types\/post"}],"author":[{"embeddable":true,"href":"https:\/\/www.administracionpublica.utalca.cl\/index.php?rest_route=\/wp\/v2\/users\/2"}],"replies":[{"embeddable":true,"href":"https:\/\/www.administracionpublica.utalca.cl\/index.php?rest_route=%2Fwp%2Fv2%2Fcomments&post=1384"}],"version-history":[{"count":2,"href":"https:\/\/www.administracionpublica.utalca.cl\/index.php?rest_route=\/wp\/v2\/posts\/1384\/revisions"}],"predecessor-version":[{"id":1391,"href":"https:\/\/www.administracionpublica.utalca.cl\/index.php?rest_route=\/wp\/v2\/posts\/1384\/revisions\/1391"}],"wp:featuredmedia":[{"embeddable":true,"href":"https:\/\/www.administracionpublica.utalca.cl\/index.php?rest_route=\/wp\/v2\/media\/1385"}],"wp:attachment":[{"href":"https:\/\/www.administracionpublica.utalca.cl\/index.php?rest_route=%2Fwp%2Fv2%2Fmedia&parent=1384"}],"wp:term":[{"taxonomy":"category","embeddable":true,"href":"https:\/\/www.administracionpublica.utalca.cl\/index.php?rest_route=%2Fwp%2Fv2%2Fcategories&post=1384"},{"taxonomy":"post_tag","embeddable":true,"href":"https:\/\/www.administracionpublica.utalca.cl\/index.php?rest_route=%2Fwp%2Fv2%2Ftags&post=1384"}],"curies":[{"name":"wp","href":"https:\/\/api.w.org\/{rel}","templated":true}]}}