{"id":1393,"date":"2024-03-05T19:29:36","date_gmt":"2024-03-05T19:29:36","guid":{"rendered":"https:\/\/www.administracionpublica.utalca.cl\/?p=1393"},"modified":"2024-03-05T19:29:36","modified_gmt":"2024-03-05T19:29:36","slug":"mas-de-40-estudiantes-ingresaron-a-la-carrera-de-administracion-publica-campus-talca-este-2024","status":"publish","type":"post","link":"https:\/\/www.administracionpublica.utalca.cl\/?p=1393","title":{"rendered":"M\u00e1s de 40 estudiantes ingresaron a la carrera de Administraci\u00f3n P\u00fablica Campus Talca este 2024"},"content":{"rendered":"<p>Este 2024 ingresaron 43 nuevos estudiantes a la carrera de Administraci\u00f3n P\u00fablica, Campus Talca. Se trata de la s\u00e9ptima generaci\u00f3n de esta nueva Escuela que, hasta el momento, cuenta con poco m\u00e1s de 20 egresados.<\/p>\n<p>Al respecto, el Director de la Escuela de Administraci\u00f3n P\u00fablica y Ciencia Pol\u00edtica, Campus Talca, Fernando Soto Ram\u00edrez, indic\u00f3 que est\u00e1n \u201cmuy contentos de recibir a esta que ser\u00e1 la s\u00e9ptima generaci\u00f3n de estudiantes. La escuela es un proyecto que se est\u00e1 consolidando luego de abrir en 2018, as\u00ed que estamos muy felices de ver a nuevos j\u00f3venes que llegan con mucha ilusi\u00f3n de formar parte de nuestra instituci\u00f3n\u201d.<\/p>\n<p>Por otro lado, la nueva estudiante de la carrera, Fernanda Araya D\u00edaz, se\u00f1al\u00f3 que el 2023 busc\u00f3 mucho a qu\u00e9 carrera ingresar, \u201cpero me decid\u00ed por Administraci\u00f3n P\u00fablica al ser una carrera bastante multidisciplinaria. Adem\u00e1s, siempre he participado en distintos voluntariados, y ayudas sociales, acciones que estaban presentes en esta Escuela\u201d, manifest\u00f3.<\/p>\n<p><img loading=\"lazy\" class=\"alignnone  wp-image-1396\" src=\"https:\/\/www.administracionpublica.utalca.cl\/wp-content\/uploads\/2024\/03\/IMG_9890-300x200.jpg\" alt=\"\" width=\"419\" height=\"279\" srcset=\"https:\/\/www.administracionpublica.utalca.cl\/wp-content\/uploads\/2024\/03\/IMG_9890-300x200.jpg 300w, https:\/\/www.administracionpublica.utalca.cl\/wp-content\/uploads\/2024\/03\/IMG_9890-1024x683.jpg 1024w, https:\/\/www.administracionpublica.utalca.cl\/wp-content\/uploads\/2024\/03\/IMG_9890-768x512.jpg 768w, https:\/\/www.administracionpublica.utalca.cl\/wp-content\/uploads\/2024\/03\/IMG_9890-1536x1024.jpg 1536w, https:\/\/www.administracionpublica.utalca.cl\/wp-content\/uploads\/2024\/03\/IMG_9890-2048x1365.jpg 2048w\" sizes=\"(max-width: 419px) 100vw, 419px\" \/><\/p>\n","protected":false},"excerpt":{"rendered":"<p>Este 2024 ingresaron 43 nuevos estudiantes a la carrera de Administraci\u00f3n P\u00fablica, Campus Talca. Se trata de la s\u00e9ptima generaci\u00f3n de esta nueva Escuela que, hasta el momento, cuenta con poco m\u00e1s de 20 egresados. Al respecto, el Director de la Escuela de Administraci\u00f3n P\u00fablica y Ciencia Pol\u00edtica, Campus Talca, Fernando Soto Ram\u00edrez, indic\u00f3 que [&hellip;]<\/p>\n","protected":false},"author":2,"featured_media":1395,"comment_status":"open","ping_status":"open","sticky":false,"template":"","format":"standard","meta":[],"categories":[4],"tags":[],"_links":{"self":[{"href":"https:\/\/www.administracionpublica.utalca.cl\/index.php?rest_route=\/wp\/v2\/posts\/1393"}],"collection":[{"href":"https:\/\/www.administracionpublica.utalca.cl\/index.php?rest_route=\/wp\/v2\/posts"}],"about":[{"href":"https:\/\/www.administracionpublica.utalca.cl\/index.php?rest_route=\/wp\/v2\/types\/post"}],"author":[{"embeddable":true,"href":"https:\/\/www.administracionpublica.utalca.cl\/index.php?rest_route=\/wp\/v2\/users\/2"}],"replies":[{"embeddable":true,"href":"https:\/\/www.administracionpublica.utalca.cl\/index.php?rest_route=%2Fwp%2Fv2%2Fcomments&post=1393"}],"version-history":[{"count":1,"href":"https:\/\/www.administracionpublica.utalca.cl\/index.php?rest_route=\/wp\/v2\/posts\/1393\/revisions"}],"predecessor-version":[{"id":1397,"href":"https:\/\/www.administracionpublica.utalca.cl\/index.php?rest_route=\/wp\/v2\/posts\/1393\/revisions\/1397"}],"wp:featuredmedia":[{"embeddable":true,"href":"https:\/\/www.administracionpublica.utalca.cl\/index.php?rest_route=\/wp\/v2\/media\/1395"}],"wp:attachment":[{"href":"https:\/\/www.administracionpublica.utalca.cl\/index.php?rest_route=%2Fwp%2Fv2%2Fmedia&parent=1393"}],"wp:term":[{"taxonomy":"category","embeddable":true,"href":"https:\/\/www.administracionpublica.utalca.cl\/index.php?rest_route=%2Fwp%2Fv2%2Fcategories&post=1393"},{"taxonomy":"post_tag","embeddable":true,"href":"https:\/\/www.administracionpublica.utalca.cl\/index.php?rest_route=%2Fwp%2Fv2%2Ftags&post=1393"}],"curies":[{"name":"wp","href":"https:\/\/api.w.org\/{rel}","templated":true}]}}