{"id":1402,"date":"2024-03-06T20:17:46","date_gmt":"2024-03-06T20:17:46","guid":{"rendered":"https:\/\/www.administracionpublica.utalca.cl\/?p=1402"},"modified":"2024-03-06T20:28:25","modified_gmt":"2024-03-06T20:28:25","slug":"feria-de-servicios-de-estudiantes-de-administracion-publica-de-la-utalca-llego-hasta-la-comuna-de-san-rafael","status":"publish","type":"post","link":"https:\/\/www.administracionpublica.utalca.cl\/?p=1402","title":{"rendered":"Feria de Servicios de estudiantes de Administraci\u00f3n P\u00fablica de la UTalca lleg\u00f3 hasta la comuna de San Rafael"},"content":{"rendered":"<p>La comuna de San Rafael cont\u00f3 por primera vez con una Feria de Servicios que resolvi\u00f3 las dudas y consultas que ten\u00eda la comunidad respecto a las distintas ayudas que entregan servicios tales como: SERVIU, SENCE, SERNAC, SERNAMEG, FOSIS, Seremi de Bienes Nacionales y Direcci\u00f3n del Trabajo, sumado a los stands de orientaci\u00f3n de la Cl\u00ednica Jur\u00eddica Formativa y Admisi\u00f3n de la Universidad de Talca.<\/p>\n<p>No obstante, esta oportunidad, los encargados de representar a estos servicios e informar a la comunidad fueron los estudiantes de la carrera de Administraci\u00f3n P\u00fablica, Campus Talca, de la Facultad de Ciencias Jur\u00eddicas y Sociales de la UTalca.<\/p>\n<p>Bajo esa l\u00ednea, la alcaldesa de la comuna de San Rafael, Claudia D\u00edaz Bravo, destac\u00f3 que se trata de una actividad que \u201cviene a educar y asesorar a las personas. En muchos casos, nuestra comunidad tiene que dirigirse a la ciudad de Talca para realizar sus tr\u00e1mites\u201d.<\/p>\n<p><strong>Atenci\u00f3n de casos reales\u00a0\u00a0 <\/strong><\/p>\n<p>Esta iniciativa es parte del M\u00f3dulo I de la carrera, en donde las y los j\u00f3venes de tercer a\u00f1o deben poner en pr\u00e1ctica los conocimientos adquiridos. Al respecto, el profesor a cargo del ramo, Tom\u00e1s Chadwick Lobos, detall\u00f3 que los estudiantes debieron tener reuniones con funcionarios de dichos servicios para \u201cmanejar su normativa y oferta program\u00e1tica, gestionar el stand, la folleter\u00eda, entre otros aspectos\u201d.<\/p>\n<p>Uno de los estudiantes de la asignatura, Rodrigo Le\u00f3n Joannon, a quien le toc\u00f3 representar al Servicio Nacional de la Mujer y Equidad de G\u00e9nero (SERNAMEG), se\u00f1al\u00f3 que en el caso de su grupo, informaron a la comunidad respecto a \u201clas v\u00edas para acceder al servicio, los proyectos y postulaciones vigentes. Tambi\u00e9n ofrecimos orientaci\u00f3n respecto a los casos de violencia intrafamiliar, de g\u00e9nero y el modo de ingresar denuncias\u201d.<\/p>\n<p><img loading=\"lazy\" class=\"alignnone wp-image-1403\" src=\"https:\/\/www.administracionpublica.utalca.cl\/wp-content\/uploads\/2024\/03\/Foto-stand-1-300x169.jpg\" alt=\"\" width=\"525\" height=\"296\" srcset=\"https:\/\/www.administracionpublica.utalca.cl\/wp-content\/uploads\/2024\/03\/Foto-stand-1-300x169.jpg 300w, https:\/\/www.administracionpublica.utalca.cl\/wp-content\/uploads\/2024\/03\/Foto-stand-1-1024x576.jpg 1024w, https:\/\/www.administracionpublica.utalca.cl\/wp-content\/uploads\/2024\/03\/Foto-stand-1-768x432.jpg 768w, https:\/\/www.administracionpublica.utalca.cl\/wp-content\/uploads\/2024\/03\/Foto-stand-1-1536x864.jpg 1536w, https:\/\/www.administracionpublica.utalca.cl\/wp-content\/uploads\/2024\/03\/Foto-stand-1.jpg 1920w\" sizes=\"(max-width: 525px) 100vw, 525px\" \/><\/p>\n<p>Por su parte, la estudiante a cargo de la Seremi de Bienes Nacionales, Mariana Calder\u00f3n Guerrero, \u00a0expres\u00f3 que \u201ccon este ejercicio podemos saber lo que realmente vamos a hacer cuando nos titulemos y seamos administradores\/as p\u00fablicos\/as, esto nos permite conocer a la gente, entender cu\u00e1les son sus problemas y ver c\u00f3mo los podemos ayudar\u201d.<\/p>\n<p>Finalmente, uno de los usuarios que solicit\u00f3 apoyo en la feria fue, Claudio Rodr\u00edguez, quien destac\u00f3 esta iniciativa y cont\u00f3 que \u201cestaba complicado con un asunto referente a una posesi\u00f3n efectiva, hice las consultas aqu\u00ed y me van a ayudar a rellenarla, yo supe con anticipaci\u00f3n que iba a estar esta feria, as\u00ed que vine directamente a hacer las consultas a la Cl\u00ednica Jur\u00eddica de la UTalca\u201d.<\/p>\n","protected":false},"excerpt":{"rendered":"<p>La comuna de San Rafael cont\u00f3 por primera vez con una Feria de Servicios que resolvi\u00f3 las dudas y consultas que ten\u00eda la comunidad respecto a las distintas ayudas que entregan servicios tales como: SERVIU, SENCE, SERNAC, SERNAMEG, FOSIS, Seremi de Bienes Nacionales y Direcci\u00f3n del Trabajo, sumado a los stands de orientaci\u00f3n de la [&hellip;]<\/p>\n","protected":false},"author":2,"featured_media":1404,"comment_status":"open","ping_status":"open","sticky":false,"template":"","format":"standard","meta":[],"categories":[4],"tags":[],"_links":{"self":[{"href":"https:\/\/www.administracionpublica.utalca.cl\/index.php?rest_route=\/wp\/v2\/posts\/1402"}],"collection":[{"href":"https:\/\/www.administracionpublica.utalca.cl\/index.php?rest_route=\/wp\/v2\/posts"}],"about":[{"href":"https:\/\/www.administracionpublica.utalca.cl\/index.php?rest_route=\/wp\/v2\/types\/post"}],"author":[{"embeddable":true,"href":"https:\/\/www.administracionpublica.utalca.cl\/index.php?rest_route=\/wp\/v2\/users\/2"}],"replies":[{"embeddable":true,"href":"https:\/\/www.administracionpublica.utalca.cl\/index.php?rest_route=%2Fwp%2Fv2%2Fcomments&post=1402"}],"version-history":[{"count":2,"href":"https:\/\/www.administracionpublica.utalca.cl\/index.php?rest_route=\/wp\/v2\/posts\/1402\/revisions"}],"predecessor-version":[{"id":1409,"href":"https:\/\/www.administracionpublica.utalca.cl\/index.php?rest_route=\/wp\/v2\/posts\/1402\/revisions\/1409"}],"wp:featuredmedia":[{"embeddable":true,"href":"https:\/\/www.administracionpublica.utalca.cl\/index.php?rest_route=\/wp\/v2\/media\/1404"}],"wp:attachment":[{"href":"https:\/\/www.administracionpublica.utalca.cl\/index.php?rest_route=%2Fwp%2Fv2%2Fmedia&parent=1402"}],"wp:term":[{"taxonomy":"category","embeddable":true,"href":"https:\/\/www.administracionpublica.utalca.cl\/index.php?rest_route=%2Fwp%2Fv2%2Fcategories&post=1402"},{"taxonomy":"post_tag","embeddable":true,"href":"https:\/\/www.administracionpublica.utalca.cl\/index.php?rest_route=%2Fwp%2Fv2%2Ftags&post=1402"}],"curies":[{"name":"wp","href":"https:\/\/api.w.org\/{rel}","templated":true}]}}