{"id":1411,"date":"2024-03-13T15:58:43","date_gmt":"2024-03-13T15:58:43","guid":{"rendered":"https:\/\/www.administracionpublica.utalca.cl\/?p=1411"},"modified":"2024-03-13T15:58:43","modified_gmt":"2024-03-13T15:58:43","slug":"graduada-de-la-1a-generacion-de-administracion-publica-campus-talca-gano-beca-anid-para-realizar-estudios-de-magister","status":"publish","type":"post","link":"https:\/\/www.administracionpublica.utalca.cl\/?p=1411","title":{"rendered":"Graduada de la 1\u00aa generaci\u00f3n de Administraci\u00f3n P\u00fablica Campus Talca gan\u00f3 beca ANID para realizar estudios de mag\u00edster"},"content":{"rendered":"<p>Andrea Riquelme Mi\u00f1o, graduada de la primera generaci\u00f3n de la carrera de Administraci\u00f3n P\u00fablica, Campus Talca, de la Facultad de Ciencias Jur\u00eddicas y Sociales de la Universidad de Talca, gan\u00f3 la beca Magister Nacional 2024 de la Agencia Nacional de Investigaci\u00f3n y Desarrollo (ANID).<\/p>\n<p>Para conseguir este beneficio que, ayudar\u00e1 a costear tanto su matr\u00edcula como el arancel y manutenci\u00f3n de su estad\u00eda, Andrea trabaj\u00f3 durante a\u00f1os en su trayectoria acad\u00e9mica y laboral.<\/p>\n<p>Al respecto, detall\u00f3 que va a comenzar sus estudios en el \u201cMag\u00edster en criminolog\u00eda y gesti\u00f3n de la seguridad ciudadana que ofrece la Facultad de Gobierno de la Universidad de Chile. Este programa es de mi inter\u00e9s porque quiero desarrollar mi carrera en el \u00e1rea de pol\u00edticas p\u00fablicas sobre seguridad ciudadana\u201d.<\/p>\n<p>Los esfuerzos de la profesional quien, consigui\u00f3 excelencia acad\u00e9mica durante sus a\u00f1os de estudio, se manifestaron adem\u00e1s en la adjudicaci\u00f3n a otro beneficio que es la beca Osvaldo Sunkel, la cual ofrece la misma Universidad de Chile y que tambi\u00e9n tiene como objetivo cubrir parte del arancel del programa de postgrado.<\/p>\n<p>Bajo esa l\u00ednea, la administradora p\u00fablica agradeci\u00f3 \u201cel apoyo recibido de manera muy temprana desde la Escuela de Ciencia Pol\u00edtica y Administraci\u00f3n P\u00fablica y de la Facultad. Me han dado la oportunidad de participar en instancias de investigaci\u00f3n que han sido muy valiosas. Agradezco tambi\u00e9n a los profesores Gustavo Rayo y Osvaldo Henr\u00edquez quienes me ayudaron activamente en todo el proceso, acci\u00f3n que sin duda, alimenta mis deseos de ayudar a otros estudiantes a que puedan alcanzar estos mismos logros en el futuro\u201d.<\/p>\n<p><strong>Primera generaci\u00f3n contin\u00faa sus estudios<\/strong><\/p>\n<p>Andrea no fue la \u00fanica graduada que seguir\u00e1 sus estudios de postgrado, otros dos titulados de la primera generaci\u00f3n Administraci\u00f3n P\u00fablica, Campus Talca, tambi\u00e9n desarrollar\u00e1n sus estudios en programas de mag\u00edster.<\/p>\n<p>Se trata de Mat\u00edas Leiva, quien llevar\u00e1 a cabo un postgrado en la Pontificia Universidad Cat\u00f3lica de Chile sobre Pol\u00edticas P\u00fablicas con menci\u00f3n en Relaciones Internacionales y Juan Pablo V\u00e1zquez, que va a estudiar el Mag\u00edster en Gesti\u00f3n y Pol\u00edticas P\u00fablicas de la Facultad de Econom\u00eda y Negocios de la Universidad de Talca.<\/p>\n","protected":false},"excerpt":{"rendered":"<p>Andrea Riquelme Mi\u00f1o, graduada de la primera generaci\u00f3n de la carrera de Administraci\u00f3n P\u00fablica, Campus Talca, de la Facultad de Ciencias Jur\u00eddicas y Sociales de la Universidad de Talca, gan\u00f3 la beca Magister Nacional 2024 de la Agencia Nacional de Investigaci\u00f3n y Desarrollo (ANID). Para conseguir este beneficio que, ayudar\u00e1 a costear tanto su matr\u00edcula [&hellip;]<\/p>\n","protected":false},"author":2,"featured_media":1412,"comment_status":"open","ping_status":"open","sticky":false,"template":"","format":"standard","meta":[],"categories":[4],"tags":[],"_links":{"self":[{"href":"https:\/\/www.administracionpublica.utalca.cl\/index.php?rest_route=\/wp\/v2\/posts\/1411"}],"collection":[{"href":"https:\/\/www.administracionpublica.utalca.cl\/index.php?rest_route=\/wp\/v2\/posts"}],"about":[{"href":"https:\/\/www.administracionpublica.utalca.cl\/index.php?rest_route=\/wp\/v2\/types\/post"}],"author":[{"embeddable":true,"href":"https:\/\/www.administracionpublica.utalca.cl\/index.php?rest_route=\/wp\/v2\/users\/2"}],"replies":[{"embeddable":true,"href":"https:\/\/www.administracionpublica.utalca.cl\/index.php?rest_route=%2Fwp%2Fv2%2Fcomments&post=1411"}],"version-history":[{"count":1,"href":"https:\/\/www.administracionpublica.utalca.cl\/index.php?rest_route=\/wp\/v2\/posts\/1411\/revisions"}],"predecessor-version":[{"id":1413,"href":"https:\/\/www.administracionpublica.utalca.cl\/index.php?rest_route=\/wp\/v2\/posts\/1411\/revisions\/1413"}],"wp:featuredmedia":[{"embeddable":true,"href":"https:\/\/www.administracionpublica.utalca.cl\/index.php?rest_route=\/wp\/v2\/media\/1412"}],"wp:attachment":[{"href":"https:\/\/www.administracionpublica.utalca.cl\/index.php?rest_route=%2Fwp%2Fv2%2Fmedia&parent=1411"}],"wp:term":[{"taxonomy":"category","embeddable":true,"href":"https:\/\/www.administracionpublica.utalca.cl\/index.php?rest_route=%2Fwp%2Fv2%2Fcategories&post=1411"},{"taxonomy":"post_tag","embeddable":true,"href":"https:\/\/www.administracionpublica.utalca.cl\/index.php?rest_route=%2Fwp%2Fv2%2Ftags&post=1411"}],"curies":[{"name":"wp","href":"https:\/\/api.w.org\/{rel}","templated":true}]}}