{"id":1423,"date":"2024-04-12T20:35:05","date_gmt":"2024-04-12T20:35:05","guid":{"rendered":"https:\/\/www.administracionpublica.utalca.cl\/?p=1423"},"modified":"2024-04-12T20:35:05","modified_gmt":"2024-04-12T20:35:05","slug":"utalca-utem-y-uta-se-unieron-para-ofrecer-seminario-sobre-liderazgo-y-clima-organizacional-a-sus-estudiantes","status":"publish","type":"post","link":"https:\/\/www.administracionpublica.utalca.cl\/?p=1423","title":{"rendered":"UTalca, UTEM y UTA se unieron para ofrecer seminario sobre liderazgo y clima organizacional a sus estudiantes"},"content":{"rendered":"<p>\u201cInvestigaci\u00f3n en el campo de la gerencia de personas: liderazgo y clima organizacional\u201d, llev\u00f3 por nombre el seminario organizado por la Universidad de Talca (UTalca), la Universidad Tecnol\u00f3gica Metropolitana (UTEM) y la Universidad de Tarapac\u00e1 (UTA), junto a la colaboraci\u00f3n del Instituto Interuniversitario de Investigaci\u00f3n Educativa (IESED).<\/p>\n<p>Al respecto, el Director del Departamento de Ciencia Pol\u00edtica y Administraci\u00f3n P\u00fablica de la Facultad de Ciencias Jur\u00eddicas y Sociales, Mario Mu\u00f1oz, explic\u00f3 que \u201cen este seminario se expuso respecto a un estudio sobre el liderazgo y clima organizacional dentro de las universidades, en donde se va a indagar entre la variable de tipos de liderazgo y de clima organizacional\u201d.<\/p>\n<p>El acad\u00e9mico se\u00f1al\u00f3 que en esta primera etapa se est\u00e1 haciendo un rastreo de la literatura vinculado a la bibliometr\u00eda y cienciometr\u00eda, en donde \u201ca trav\u00e9s de una serie de indicadores como factor de impacto, cantidad de citaciones, etc, se pretende establecer cu\u00e1les son los estudios que se han generado sobre estas dos variables\u201d.<\/p>\n<p>Sumado a eso, indic\u00f3 que estas dos aristas se cruzan\u00a0 adem\u00e1s \u201ccon otros tipos de variables como el g\u00e9nero, el tipo de instituci\u00f3n, si son privadas o p\u00fablicas, confesionales, laicas, entre otros aspectos que fueron abordados durante la jornada\u201d.<\/p>\n<p>La principal audiencia en esta oportunidad estuvo compuesta por estudiantes de pregrado de la carrera de Ingenier\u00eda Comercial de la UTEM, y de la Escuela de Ciencia Pol\u00edtica y Administraci\u00f3n P\u00fablica de la UTalca, Campus Santiago.<\/p>\n<p>Sobe aquello, la acad\u00e9mica de la Universidad Tecnol\u00f3gica Metropolitana e investigadora del IESED Chile, Wendolyn Su\u00e1rez, destac\u00f3 que \u201cla idea es dar a conocer los avances que hasta ahora tenemos con nuestro proyecto de investigaci\u00f3n respecto a liderazgo y clima organizacional y que los estudiantes de pregrado se vayan adentrando a este mundo y sepan c\u00f3mo se lleva a cabo una investigaci\u00f3n\u201d.<\/p>\n<p>Finalmente, el acad\u00e9mico e investigador de la Universidad de Tarapac\u00e1 y Director Acad\u00e9mico del IESED, Francisco Ganga, recalc\u00f3 que las sedes \u201cgeogr\u00e1ficamente est\u00e1n muy cerca y nos interesa generar este tipo de nexos porque creemos que desde las regiones hay mucho que dar a conocer en Santiago, ya que somos universidades de alta calidad y estamos haciendo investigaci\u00f3n de alto nivel\u201d.<\/p>\n<p>Cabe se\u00f1alar que durante la instancia tambi\u00e9n particip\u00f3 la profesora de la Facultad de Econom\u00eda y Negocios\u00a0 (FEN) de la UTalca, Tatiana Poblete, el Dr. Patricio Viancos y el Dr. Juan Abello.<\/p>\n","protected":false},"excerpt":{"rendered":"<p>\u201cInvestigaci\u00f3n en el campo de la gerencia de personas: liderazgo y clima organizacional\u201d, llev\u00f3 por nombre el seminario organizado por la Universidad de Talca (UTalca), la Universidad Tecnol\u00f3gica Metropolitana (UTEM) y la Universidad de Tarapac\u00e1 (UTA), junto a la colaboraci\u00f3n del Instituto Interuniversitario de Investigaci\u00f3n Educativa (IESED). Al respecto, el Director del Departamento de Ciencia [&hellip;]<\/p>\n","protected":false},"author":2,"featured_media":1424,"comment_status":"open","ping_status":"open","sticky":false,"template":"","format":"standard","meta":[],"categories":[4],"tags":[],"_links":{"self":[{"href":"https:\/\/www.administracionpublica.utalca.cl\/index.php?rest_route=\/wp\/v2\/posts\/1423"}],"collection":[{"href":"https:\/\/www.administracionpublica.utalca.cl\/index.php?rest_route=\/wp\/v2\/posts"}],"about":[{"href":"https:\/\/www.administracionpublica.utalca.cl\/index.php?rest_route=\/wp\/v2\/types\/post"}],"author":[{"embeddable":true,"href":"https:\/\/www.administracionpublica.utalca.cl\/index.php?rest_route=\/wp\/v2\/users\/2"}],"replies":[{"embeddable":true,"href":"https:\/\/www.administracionpublica.utalca.cl\/index.php?rest_route=%2Fwp%2Fv2%2Fcomments&post=1423"}],"version-history":[{"count":1,"href":"https:\/\/www.administracionpublica.utalca.cl\/index.php?rest_route=\/wp\/v2\/posts\/1423\/revisions"}],"predecessor-version":[{"id":1425,"href":"https:\/\/www.administracionpublica.utalca.cl\/index.php?rest_route=\/wp\/v2\/posts\/1423\/revisions\/1425"}],"wp:featuredmedia":[{"embeddable":true,"href":"https:\/\/www.administracionpublica.utalca.cl\/index.php?rest_route=\/wp\/v2\/media\/1424"}],"wp:attachment":[{"href":"https:\/\/www.administracionpublica.utalca.cl\/index.php?rest_route=%2Fwp%2Fv2%2Fmedia&parent=1423"}],"wp:term":[{"taxonomy":"category","embeddable":true,"href":"https:\/\/www.administracionpublica.utalca.cl\/index.php?rest_route=%2Fwp%2Fv2%2Fcategories&post=1423"},{"taxonomy":"post_tag","embeddable":true,"href":"https:\/\/www.administracionpublica.utalca.cl\/index.php?rest_route=%2Fwp%2Fv2%2Ftags&post=1423"}],"curies":[{"name":"wp","href":"https:\/\/api.w.org\/{rel}","templated":true}]}}