{"id":1430,"date":"2024-04-19T19:42:44","date_gmt":"2024-04-19T19:42:44","guid":{"rendered":"https:\/\/www.administracionpublica.utalca.cl\/?p=1430"},"modified":"2024-04-19T19:42:44","modified_gmt":"2024-04-19T19:42:44","slug":"presidente-del-consejo-para-la-transparencia-ofrecio-charla-a-estudiantes-de-administracion-publica-campus-talca","status":"publish","type":"post","link":"https:\/\/www.administracionpublica.utalca.cl\/?p=1430","title":{"rendered":"Presidente del Consejo para la Transparencia ofreci\u00f3 charla a estudiantes de Administraci\u00f3n P\u00fablica Campus Talca"},"content":{"rendered":"<p>El Presidente del Consejo para la Transparencia, Bernardo Navarrete Y\u00e1\u00f1ez, ofreci\u00f3 una charla para los estudiantes de la carrera de Administraci\u00f3n P\u00fablica, Campus Talca, sobre \u201cTransparencia y Democracia\u201d.<\/p>\n<p>All\u00ed abord\u00f3 la importancia de que la ciudadan\u00eda tenga acceso a la informaci\u00f3n p\u00fablica para que pueda formarse opini\u00f3n respecto a sus autoridades, pol\u00edticas p\u00fablicas, direcci\u00f3n del Estado, entre otros.<\/p>\n<p>Otro tema que deriva de aquello y que fue tratado durante esta exposici\u00f3n, fue la corrupci\u00f3n, un fen\u00f3meno que actualmente preocupa a la comunidad y que seg\u00fan palabras de la autoridad se espera \u201cque los estudiantes de Administraci\u00f3n P\u00fablica puedan darle explicaci\u00f3n a estos problemas que son p\u00fablicos\u201d.<\/p>\n<p>El se\u00f1or Navarrete expres\u00f3 que \u201clo que necesitamos son estudiantes que usen la teor\u00eda, la validen, la anulen, la debiliten y comprueben las hip\u00f3tesis de dichas teor\u00edas. Uno espera que los estudiantes busquen a partir de todo eso que investigamos los profesores\u201d.<\/p>\n<p>Al respecto, el Director de la Escuela de Ciencia Pol\u00edtica y Administraci\u00f3n P\u00fablica, Campus Talca, Fernando Soto Ram\u00edrez, se\u00f1al\u00f3 que \u201cdesde el a\u00f1o 2018 en adelante nuestra Escuela ha desarrollado un trabajo en conjunto con el Consejo para la Transparencia para promover la cultura de la transparencia en la regi\u00f3n del Maule\u201d.<\/p>\n<p>Agreg\u00f3 que \u201ceste tema es muy relevante para los futuros administradores p\u00fablicos porque uno de los pilares b\u00e1sicos de los Estados democr\u00e1ticos de Derecho es la transparencia y desde el punto de vista pr\u00e1ctico es tremendamente importante que los estudiantes dominen estas competencias que en el mercado laborar se van a requerir\u201d.<\/p>\n<p><img loading=\"lazy\" class=\"alignnone  wp-image-1432\" src=\"https:\/\/www.administracionpublica.utalca.cl\/wp-content\/uploads\/2024\/04\/IMG_0516-300x200.jpg\" alt=\"\" width=\"722\" height=\"481\" srcset=\"https:\/\/www.administracionpublica.utalca.cl\/wp-content\/uploads\/2024\/04\/IMG_0516-300x200.jpg 300w, https:\/\/www.administracionpublica.utalca.cl\/wp-content\/uploads\/2024\/04\/IMG_0516-1024x683.jpg 1024w, https:\/\/www.administracionpublica.utalca.cl\/wp-content\/uploads\/2024\/04\/IMG_0516-768x512.jpg 768w, https:\/\/www.administracionpublica.utalca.cl\/wp-content\/uploads\/2024\/04\/IMG_0516-1536x1024.jpg 1536w, https:\/\/www.administracionpublica.utalca.cl\/wp-content\/uploads\/2024\/04\/IMG_0516-2048x1365.jpg 2048w\" sizes=\"(max-width: 722px) 100vw, 722px\" \/><\/p>\n","protected":false},"excerpt":{"rendered":"<p>El Presidente del Consejo para la Transparencia, Bernardo Navarrete Y\u00e1\u00f1ez, ofreci\u00f3 una charla para los estudiantes de la carrera de Administraci\u00f3n P\u00fablica, Campus Talca, sobre \u201cTransparencia y Democracia\u201d. All\u00ed abord\u00f3 la importancia de que la ciudadan\u00eda tenga acceso a la informaci\u00f3n p\u00fablica para que pueda formarse opini\u00f3n respecto a sus autoridades, pol\u00edticas p\u00fablicas, direcci\u00f3n del [&hellip;]<\/p>\n","protected":false},"author":2,"featured_media":1431,"comment_status":"open","ping_status":"open","sticky":false,"template":"","format":"standard","meta":[],"categories":[4],"tags":[],"_links":{"self":[{"href":"https:\/\/www.administracionpublica.utalca.cl\/index.php?rest_route=\/wp\/v2\/posts\/1430"}],"collection":[{"href":"https:\/\/www.administracionpublica.utalca.cl\/index.php?rest_route=\/wp\/v2\/posts"}],"about":[{"href":"https:\/\/www.administracionpublica.utalca.cl\/index.php?rest_route=\/wp\/v2\/types\/post"}],"author":[{"embeddable":true,"href":"https:\/\/www.administracionpublica.utalca.cl\/index.php?rest_route=\/wp\/v2\/users\/2"}],"replies":[{"embeddable":true,"href":"https:\/\/www.administracionpublica.utalca.cl\/index.php?rest_route=%2Fwp%2Fv2%2Fcomments&post=1430"}],"version-history":[{"count":1,"href":"https:\/\/www.administracionpublica.utalca.cl\/index.php?rest_route=\/wp\/v2\/posts\/1430\/revisions"}],"predecessor-version":[{"id":1433,"href":"https:\/\/www.administracionpublica.utalca.cl\/index.php?rest_route=\/wp\/v2\/posts\/1430\/revisions\/1433"}],"wp:featuredmedia":[{"embeddable":true,"href":"https:\/\/www.administracionpublica.utalca.cl\/index.php?rest_route=\/wp\/v2\/media\/1431"}],"wp:attachment":[{"href":"https:\/\/www.administracionpublica.utalca.cl\/index.php?rest_route=%2Fwp%2Fv2%2Fmedia&parent=1430"}],"wp:term":[{"taxonomy":"category","embeddable":true,"href":"https:\/\/www.administracionpublica.utalca.cl\/index.php?rest_route=%2Fwp%2Fv2%2Fcategories&post=1430"},{"taxonomy":"post_tag","embeddable":true,"href":"https:\/\/www.administracionpublica.utalca.cl\/index.php?rest_route=%2Fwp%2Fv2%2Ftags&post=1430"}],"curies":[{"name":"wp","href":"https:\/\/api.w.org\/{rel}","templated":true}]}}