{"id":1447,"date":"2024-05-02T15:10:52","date_gmt":"2024-05-02T15:10:52","guid":{"rendered":"https:\/\/www.administracionpublica.utalca.cl\/?p=1447"},"modified":"2024-05-24T17:01:27","modified_gmt":"2024-05-24T17:01:27","slug":"congreso-descentralizacion-fiscal-se-abre-convocatoria-para-recepcion-de-resumenes","status":"publish","type":"post","link":"https:\/\/www.administracionpublica.utalca.cl\/?p=1447","title":{"rendered":"Congreso Descentralizaci\u00f3n Fiscal: Se abre convocatoria para recepci\u00f3n de res\u00famenes"},"content":{"rendered":"<p>El mi\u00e9rcoles 4 y jueves 5 de septiembre la Universidad de Talca ser\u00e1 el punto de encuentro de un congreso sobre Descentralizaci\u00f3n Fiscal. Este evento acad\u00e9mico, organizado por la Escuela de Ciencia Pol\u00edtica y Administraci\u00f3n P\u00fablica, Campus Talca, llevar\u00e1 por nombre \u201cDescifrando el laberinto fiscal: el desaf\u00edo de la descentralizaci\u00f3n en Chile\u201d.<\/p>\n<p>All\u00ed, estudiantes, acad\u00e9micos\/as, investigadores\/as, expertos y profesionales, podr\u00e1n exponer respecto a esta tem\u00e1tica. Para esto, deber\u00e1n enviar los res\u00famenes de sus ponencias, los cuales se estar\u00e1n recibiendo hasta el lunes 3 de junio. Conoce los detalles de la convocatoria aqu\u00ed <a href=\"https:\/\/n9.cl\/8zk9v\">https:\/\/n9.cl\/8zk9v<\/a><\/p>\n<p><strong>RECEPCI\u00d3N DE RESUMENES AQU\u00cd<\/strong>: https:\/\/forms.gle\/Qmud4HxLNTeUiEQq8<\/p>\n<p><img loading=\"lazy\" class=\"alignnone wp-image-1448\" src=\"https:\/\/www.administracionpublica.utalca.cl\/wp-content\/uploads\/2024\/05\/NUEVO-Congreso-Descentralizacion-AP-240x300.jpg\" alt=\"\" width=\"667\" height=\"834\" srcset=\"https:\/\/www.administracionpublica.utalca.cl\/wp-content\/uploads\/2024\/05\/NUEVO-Congreso-Descentralizacion-AP-240x300.jpg 240w, https:\/\/www.administracionpublica.utalca.cl\/wp-content\/uploads\/2024\/05\/NUEVO-Congreso-Descentralizacion-AP-819x1024.jpg 819w, https:\/\/www.administracionpublica.utalca.cl\/wp-content\/uploads\/2024\/05\/NUEVO-Congreso-Descentralizacion-AP-768x961.jpg 768w, https:\/\/www.administracionpublica.utalca.cl\/wp-content\/uploads\/2024\/05\/NUEVO-Congreso-Descentralizacion-AP-1228x1536.jpg 1228w, https:\/\/www.administracionpublica.utalca.cl\/wp-content\/uploads\/2024\/05\/NUEVO-Congreso-Descentralizacion-AP-1637x2048.jpg 1637w, https:\/\/www.administracionpublica.utalca.cl\/wp-content\/uploads\/2024\/05\/NUEVO-Congreso-Descentralizacion-AP.jpg 1920w\" sizes=\"(max-width: 667px) 100vw, 667px\" \/><\/p>\n","protected":false},"excerpt":{"rendered":"<p>El mi\u00e9rcoles 4 y jueves 5 de septiembre la Universidad de Talca ser\u00e1 el punto de encuentro de un congreso sobre Descentralizaci\u00f3n Fiscal. Este evento acad\u00e9mico, organizado por la Escuela de Ciencia Pol\u00edtica y Administraci\u00f3n P\u00fablica, Campus Talca, llevar\u00e1 por nombre \u201cDescifrando el laberinto fiscal: el desaf\u00edo de la descentralizaci\u00f3n en Chile\u201d. All\u00ed, estudiantes, acad\u00e9micos\/as, [&hellip;]<\/p>\n","protected":false},"author":2,"featured_media":1449,"comment_status":"open","ping_status":"open","sticky":false,"template":"","format":"standard","meta":[],"categories":[4],"tags":[],"_links":{"self":[{"href":"https:\/\/www.administracionpublica.utalca.cl\/index.php?rest_route=\/wp\/v2\/posts\/1447"}],"collection":[{"href":"https:\/\/www.administracionpublica.utalca.cl\/index.php?rest_route=\/wp\/v2\/posts"}],"about":[{"href":"https:\/\/www.administracionpublica.utalca.cl\/index.php?rest_route=\/wp\/v2\/types\/post"}],"author":[{"embeddable":true,"href":"https:\/\/www.administracionpublica.utalca.cl\/index.php?rest_route=\/wp\/v2\/users\/2"}],"replies":[{"embeddable":true,"href":"https:\/\/www.administracionpublica.utalca.cl\/index.php?rest_route=%2Fwp%2Fv2%2Fcomments&post=1447"}],"version-history":[{"count":5,"href":"https:\/\/www.administracionpublica.utalca.cl\/index.php?rest_route=\/wp\/v2\/posts\/1447\/revisions"}],"predecessor-version":[{"id":1495,"href":"https:\/\/www.administracionpublica.utalca.cl\/index.php?rest_route=\/wp\/v2\/posts\/1447\/revisions\/1495"}],"wp:featuredmedia":[{"embeddable":true,"href":"https:\/\/www.administracionpublica.utalca.cl\/index.php?rest_route=\/wp\/v2\/media\/1449"}],"wp:attachment":[{"href":"https:\/\/www.administracionpublica.utalca.cl\/index.php?rest_route=%2Fwp%2Fv2%2Fmedia&parent=1447"}],"wp:term":[{"taxonomy":"category","embeddable":true,"href":"https:\/\/www.administracionpublica.utalca.cl\/index.php?rest_route=%2Fwp%2Fv2%2Fcategories&post=1447"},{"taxonomy":"post_tag","embeddable":true,"href":"https:\/\/www.administracionpublica.utalca.cl\/index.php?rest_route=%2Fwp%2Fv2%2Ftags&post=1447"}],"curies":[{"name":"wp","href":"https:\/\/api.w.org\/{rel}","templated":true}]}}