{"id":1460,"date":"2024-05-10T21:57:14","date_gmt":"2024-05-10T21:57:14","guid":{"rendered":"https:\/\/www.administracionpublica.utalca.cl\/?p=1460"},"modified":"2024-05-10T21:59:23","modified_gmt":"2024-05-10T21:59:23","slug":"administracion-publica-campus-talca-celebro-titulacion-de-12-nuevos-egresados","status":"publish","type":"post","link":"https:\/\/www.administracionpublica.utalca.cl\/?p=1460","title":{"rendered":"Administraci\u00f3n P\u00fablica Campus Talca celebr\u00f3 titulaci\u00f3n de 12 nuevos egresados"},"content":{"rendered":"<p>Con una emotiva ceremonia la Escuela de Ciencia Pol\u00edtica y Administraci\u00f3n P\u00fablica, Campus Talca, de la Facultad de Ciencias Jur\u00eddicas y Sociales de la Universidad de Talca, celebr\u00f3 la titulaci\u00f3n de 12 nuevos egresados.<\/p>\n<p>Se trata de Ian Castro Miranda, Valentina C\u00f3rdova D\u00edaz, Tamara Guti\u00e9rrez Rodr\u00edguez, Catalina Jaque Soto, Mat\u00edas Leiva Pizarro, Yamilet Morales Escalona, Bryan Moreno Silva, Marisol Mu\u00f1oz Aguilera, P\u00eda Peralta Casanova, Fernanda Roca Cancino, Sof\u00eda Trejo Herrera y Francisca V\u00e1squez Contreras.<\/p>\n<p>Algunas de las autoridades universitarias presentes a lo largo de esta ceremonia fueron: el Vicerrector Acad\u00e9mico de la UTalca, Rodrigo Palomo V\u00e9lez, la Decana de la Facultad de Psicolog\u00eda, Carolina Iturra Herrera, el Decano de la Facultad de Arquitectura, M\u00fasica y Dise\u00f1o, Gonzalo Mart\u00ednez Garc\u00eda, la Directora de la Direcci\u00f3n de Personas, Marisella Gajardo Betancourt, la Directora de Docencia, Carolina Gajardo Contreras y la Directora de la Direcci\u00f3n General de Vinculaci\u00f3n con el Medio, Karin Saavedra Redlich.<\/p>\n<p>Al respecto, el Decano de la Facultad, Iv\u00e1n Obando Camino, destac\u00f3 que \u201cse trata de la segunda generaci\u00f3n de graduados de esta Escuela que abri\u00f3 sus puertas en Campus Talca en el a\u00f1o 2018, por lo que estamos muy contentos de que 12 de estos estudiantes hoy puedan concluir esta importante etapa\u201d.<\/p>\n<p>Por su parte, el Director de la Escuela, el profesor Fernando Soto Ram\u00edrez, expres\u00f3 que los valores que m\u00e1s destacan a esta generaci\u00f3n es que son \u201cj\u00f3venes muy responsables, inquietos, con tremenda vocaci\u00f3n p\u00fablica y con altos est\u00e1ndares \u00e9ticos, nos sentimos muy orgullosos de todas y todos ellos\u201d.<\/p>\n<p>Durante esta instancia, se reconoci\u00f3 a P\u00eda Peralta Casanova, estudiante destacada de la generaci\u00f3n, quien manifest\u00f3 que se trata de un \u201cun gran logro, no me lo esperaba, creo que se debe a la constancia y al esfuerzo diario. Esto es resultado de cuando haces lo que te gusta y apasiona\u201d.<\/p>\n<p><img loading=\"lazy\" class=\"alignnone wp-image-1461\" src=\"https:\/\/www.administracionpublica.utalca.cl\/wp-content\/uploads\/2024\/05\/IMG_1112-300x200.jpg\" alt=\"\" width=\"601\" height=\"400\" srcset=\"https:\/\/www.administracionpublica.utalca.cl\/wp-content\/uploads\/2024\/05\/IMG_1112-300x200.jpg 300w, https:\/\/www.administracionpublica.utalca.cl\/wp-content\/uploads\/2024\/05\/IMG_1112-1024x683.jpg 1024w, https:\/\/www.administracionpublica.utalca.cl\/wp-content\/uploads\/2024\/05\/IMG_1112-768x512.jpg 768w, https:\/\/www.administracionpublica.utalca.cl\/wp-content\/uploads\/2024\/05\/IMG_1112-1536x1024.jpg 1536w, https:\/\/www.administracionpublica.utalca.cl\/wp-content\/uploads\/2024\/05\/IMG_1112-2048x1365.jpg 2048w\" sizes=\"(max-width: 601px) 100vw, 601px\" \/><\/p>\n<p>Fernanda Roca Cancino, fue la encargada de ofrecer unas palabras a los asistentes en representaci\u00f3n de todas sus compa\u00f1eras y compa\u00f1eros, momento en que record\u00f3 los buenos momentos vividos a lo largo de la carrera y expuso la calidad de profesionales que ingresan al mundo laboral este a\u00f1o.<\/p>\n<p><img loading=\"lazy\" class=\"alignnone wp-image-1462\" src=\"https:\/\/www.administracionpublica.utalca.cl\/wp-content\/uploads\/2024\/05\/IMG_1136-300x200.jpg\" alt=\"\" width=\"598\" height=\"398\" srcset=\"https:\/\/www.administracionpublica.utalca.cl\/wp-content\/uploads\/2024\/05\/IMG_1136-300x200.jpg 300w, https:\/\/www.administracionpublica.utalca.cl\/wp-content\/uploads\/2024\/05\/IMG_1136-1024x683.jpg 1024w, https:\/\/www.administracionpublica.utalca.cl\/wp-content\/uploads\/2024\/05\/IMG_1136-768x512.jpg 768w, https:\/\/www.administracionpublica.utalca.cl\/wp-content\/uploads\/2024\/05\/IMG_1136-1536x1024.jpg 1536w, https:\/\/www.administracionpublica.utalca.cl\/wp-content\/uploads\/2024\/05\/IMG_1136-2048x1365.jpg 2048w\" sizes=\"(max-width: 598px) 100vw, 598px\" \/><\/p>\n<p>Un hecho que conmovi\u00f3 al p\u00fablico presente, fue el inicio de la entrega del premio \u201cEsp\u00edritu AP\u201d, otorgado a aquel\/lla estudiante que personifique los valores fundamentales en la Administraci\u00f3n P\u00fablica como el compromiso, la integridad, la \u00e9tica, y b\u00fasqueda incansable de la excelencia.<\/p>\n<p>Siguiendo ese perfil, quien este 2024 recibi\u00f3 este reconocimiento fue Valentina C\u00f3rdova D\u00edaz, estudiante que desde el inicio de sus estudios en la UTalca inspir\u00f3 a sus compa\u00f1eras y compa\u00f1eros con su dedicaci\u00f3n y perseverancia pese a los obst\u00e1culos en el camino.<\/p>\n<p><img loading=\"lazy\" class=\"alignnone wp-image-1463\" src=\"https:\/\/www.administracionpublica.utalca.cl\/wp-content\/uploads\/2024\/05\/IMG_1121-300x200.jpg\" alt=\"\" width=\"596\" height=\"397\" srcset=\"https:\/\/www.administracionpublica.utalca.cl\/wp-content\/uploads\/2024\/05\/IMG_1121-300x200.jpg 300w, https:\/\/www.administracionpublica.utalca.cl\/wp-content\/uploads\/2024\/05\/IMG_1121-1024x683.jpg 1024w, https:\/\/www.administracionpublica.utalca.cl\/wp-content\/uploads\/2024\/05\/IMG_1121-768x512.jpg 768w, https:\/\/www.administracionpublica.utalca.cl\/wp-content\/uploads\/2024\/05\/IMG_1121-1536x1024.jpg 1536w, https:\/\/www.administracionpublica.utalca.cl\/wp-content\/uploads\/2024\/05\/IMG_1121-2048x1365.jpg 2048w\" sizes=\"(max-width: 596px) 100vw, 596px\" \/><\/p>\n<p>Finalmente, al celebrarse esta ceremonia en el D\u00eda de las Madres, los graduados ofrecieron tambi\u00e9n un reconocimiento a sus madres como muestra de agradecimiento por su apoyo a lo largo de sus estudios universitarios.<\/p>\n<p><img loading=\"lazy\" class=\"alignnone wp-image-1464\" src=\"https:\/\/www.administracionpublica.utalca.cl\/wp-content\/uploads\/2024\/05\/IMG_1205-300x200.jpg\" alt=\"\" width=\"359\" height=\"239\" srcset=\"https:\/\/www.administracionpublica.utalca.cl\/wp-content\/uploads\/2024\/05\/IMG_1205-300x200.jpg 300w, https:\/\/www.administracionpublica.utalca.cl\/wp-content\/uploads\/2024\/05\/IMG_1205-1024x683.jpg 1024w, https:\/\/www.administracionpublica.utalca.cl\/wp-content\/uploads\/2024\/05\/IMG_1205-768x512.jpg 768w, https:\/\/www.administracionpublica.utalca.cl\/wp-content\/uploads\/2024\/05\/IMG_1205-1536x1024.jpg 1536w, https:\/\/www.administracionpublica.utalca.cl\/wp-content\/uploads\/2024\/05\/IMG_1205-2048x1365.jpg 2048w\" sizes=\"(max-width: 359px) 100vw, 359px\" \/><img loading=\"lazy\" class=\"alignnone wp-image-1465\" src=\"https:\/\/www.administracionpublica.utalca.cl\/wp-content\/uploads\/2024\/05\/IMG_1200-300x200.jpg\" alt=\"\" width=\"359\" height=\"239\" srcset=\"https:\/\/www.administracionpublica.utalca.cl\/wp-content\/uploads\/2024\/05\/IMG_1200-300x200.jpg 300w, https:\/\/www.administracionpublica.utalca.cl\/wp-content\/uploads\/2024\/05\/IMG_1200-1024x683.jpg 1024w, https:\/\/www.administracionpublica.utalca.cl\/wp-content\/uploads\/2024\/05\/IMG_1200-768x512.jpg 768w, https:\/\/www.administracionpublica.utalca.cl\/wp-content\/uploads\/2024\/05\/IMG_1200-1536x1024.jpg 1536w, https:\/\/www.administracionpublica.utalca.cl\/wp-content\/uploads\/2024\/05\/IMG_1200-2048x1365.jpg 2048w\" sizes=\"(max-width: 359px) 100vw, 359px\" \/><\/p>\n","protected":false},"excerpt":{"rendered":"<p>Con una emotiva ceremonia la Escuela de Ciencia Pol\u00edtica y Administraci\u00f3n P\u00fablica, Campus Talca, de la Facultad de Ciencias Jur\u00eddicas y Sociales de la Universidad de Talca, celebr\u00f3 la titulaci\u00f3n de 12 nuevos egresados. Se trata de Ian Castro Miranda, Valentina C\u00f3rdova D\u00edaz, Tamara Guti\u00e9rrez Rodr\u00edguez, Catalina Jaque Soto, Mat\u00edas Leiva Pizarro, Yamilet Morales Escalona, [&hellip;]<\/p>\n","protected":false},"author":2,"featured_media":1466,"comment_status":"open","ping_status":"open","sticky":false,"template":"","format":"standard","meta":[],"categories":[4],"tags":[],"_links":{"self":[{"href":"https:\/\/www.administracionpublica.utalca.cl\/index.php?rest_route=\/wp\/v2\/posts\/1460"}],"collection":[{"href":"https:\/\/www.administracionpublica.utalca.cl\/index.php?rest_route=\/wp\/v2\/posts"}],"about":[{"href":"https:\/\/www.administracionpublica.utalca.cl\/index.php?rest_route=\/wp\/v2\/types\/post"}],"author":[{"embeddable":true,"href":"https:\/\/www.administracionpublica.utalca.cl\/index.php?rest_route=\/wp\/v2\/users\/2"}],"replies":[{"embeddable":true,"href":"https:\/\/www.administracionpublica.utalca.cl\/index.php?rest_route=%2Fwp%2Fv2%2Fcomments&post=1460"}],"version-history":[{"count":3,"href":"https:\/\/www.administracionpublica.utalca.cl\/index.php?rest_route=\/wp\/v2\/posts\/1460\/revisions"}],"predecessor-version":[{"id":1472,"href":"https:\/\/www.administracionpublica.utalca.cl\/index.php?rest_route=\/wp\/v2\/posts\/1460\/revisions\/1472"}],"wp:featuredmedia":[{"embeddable":true,"href":"https:\/\/www.administracionpublica.utalca.cl\/index.php?rest_route=\/wp\/v2\/media\/1466"}],"wp:attachment":[{"href":"https:\/\/www.administracionpublica.utalca.cl\/index.php?rest_route=%2Fwp%2Fv2%2Fmedia&parent=1460"}],"wp:term":[{"taxonomy":"category","embeddable":true,"href":"https:\/\/www.administracionpublica.utalca.cl\/index.php?rest_route=%2Fwp%2Fv2%2Fcategories&post=1460"},{"taxonomy":"post_tag","embeddable":true,"href":"https:\/\/www.administracionpublica.utalca.cl\/index.php?rest_route=%2Fwp%2Fv2%2Ftags&post=1460"}],"curies":[{"name":"wp","href":"https:\/\/api.w.org\/{rel}","templated":true}]}}