{"id":1496,"date":"2024-05-30T16:45:01","date_gmt":"2024-05-30T16:45:01","guid":{"rendered":"https:\/\/www.administracionpublica.utalca.cl\/?p=1496"},"modified":"2024-05-30T16:45:01","modified_gmt":"2024-05-30T16:45:01","slug":"administracion-publica-campus-talca-y-sernac-estrechan-lazos-con-charla-para-estudiantes-de-la-carrera","status":"publish","type":"post","link":"https:\/\/www.administracionpublica.utalca.cl\/?p=1496","title":{"rendered":"Administraci\u00f3n P\u00fablica Campus Talca y SERNAC estrechan lazos con charla para estudiantes de la carrera"},"content":{"rendered":"<p>La Escuela de Ciencia Pol\u00edtica y Administraci\u00f3n P\u00fablica, Campus Talca, y el Servicio Nacional del Consumidor (SERNAC) en el Maule, estrecharon lazos con una nueva colaboraci\u00f3n. En esta oportunidad, el Director Regional del servicio, Andr\u00e9s Salas Retamal, ofreci\u00f3 una charla para los estudiantes de la carrera.<\/p>\n<p>Durante la instancia, el director de SERNAC parti\u00f3 diciendo que el servicio \u201ctiene el objetivo de proteger a las personas consumidoras, pero tambi\u00e9n tiene la labor de educar y conectar con el medio y uno de los actores m\u00e1s relevantes en la sociedad civil son los estudiantes, en especial los alumnos de esta carrera, Administraci\u00f3n P\u00fablica\u201d.<\/p>\n<p>Agreg\u00f3 que con ellos \u201cnosotros conectamos a\u00fan m\u00e1s porque les decimos lo que en el futuro ellos tendr\u00e1n injerencia, en el aparataje p\u00fablico estatal, donde ellos contar\u00e1n con bastantes herramientas. Entonces por esa raz\u00f3n, queremos contarles lo que hacer SERNAC, sus funciones, c\u00f3mo aplicamos normas desde la perspectiva del derecho administrativo, y adem\u00e1s contarles nuestra experiencia\u201d.<\/p>\n<p>Por su parte, el Director de la Escuela, Fernando Soto Ram\u00edrez, indic\u00f3 que \u201cdesde la Feria de Servicios realizada en marzo en San Rafael se estrecharon mucho los lazos con algunos servicios, as\u00ed fue el caso de SERNAC, eso propici\u00f3 a que, por ejemplo, nos invitaran a participar de su cuenta p\u00fablica en donde la presidenta de nuestro Centro de Estudiantes fue maestra de ceremonia. Sumado a aquello, ahora el Director del Servicio en el Maule dict\u00f3 una charla en el marco del m\u00f3dulo de Derecho Administrativo para los estudiantes de nuestra carrera, tratando de aterrizar los conocimientos te\u00f3ricos que ellos reciben a diario\u201d.<\/p>\n<p>Finalmente, la presidenta del Centro de Estuantes de Administraci\u00f3n P\u00fablica, Campus Talca, G\u00e9nesis Castillo Maureira, destac\u00f3 que tras participar en la cuenta p\u00fablica de SERNAC, pudo conocer parte de \u201cla realidad de lo que nos ense\u00f1an en el aula, por ejemplo, ver temas como la transparencia y la rendici\u00f3n de cuentas. En esta clase de instancias uno puede conocer la gesti\u00f3n real que est\u00e1 llevando a cabo el servicio\u201d.<\/p>\n","protected":false},"excerpt":{"rendered":"<p>La Escuela de Ciencia Pol\u00edtica y Administraci\u00f3n P\u00fablica, Campus Talca, y el Servicio Nacional del Consumidor (SERNAC) en el Maule, estrecharon lazos con una nueva colaboraci\u00f3n. En esta oportunidad, el Director Regional del servicio, Andr\u00e9s Salas Retamal, ofreci\u00f3 una charla para los estudiantes de la carrera. Durante la instancia, el director de SERNAC parti\u00f3 diciendo [&hellip;]<\/p>\n","protected":false},"author":2,"featured_media":1497,"comment_status":"open","ping_status":"open","sticky":false,"template":"","format":"standard","meta":[],"categories":[4],"tags":[],"_links":{"self":[{"href":"https:\/\/www.administracionpublica.utalca.cl\/index.php?rest_route=\/wp\/v2\/posts\/1496"}],"collection":[{"href":"https:\/\/www.administracionpublica.utalca.cl\/index.php?rest_route=\/wp\/v2\/posts"}],"about":[{"href":"https:\/\/www.administracionpublica.utalca.cl\/index.php?rest_route=\/wp\/v2\/types\/post"}],"author":[{"embeddable":true,"href":"https:\/\/www.administracionpublica.utalca.cl\/index.php?rest_route=\/wp\/v2\/users\/2"}],"replies":[{"embeddable":true,"href":"https:\/\/www.administracionpublica.utalca.cl\/index.php?rest_route=%2Fwp%2Fv2%2Fcomments&post=1496"}],"version-history":[{"count":1,"href":"https:\/\/www.administracionpublica.utalca.cl\/index.php?rest_route=\/wp\/v2\/posts\/1496\/revisions"}],"predecessor-version":[{"id":1498,"href":"https:\/\/www.administracionpublica.utalca.cl\/index.php?rest_route=\/wp\/v2\/posts\/1496\/revisions\/1498"}],"wp:featuredmedia":[{"embeddable":true,"href":"https:\/\/www.administracionpublica.utalca.cl\/index.php?rest_route=\/wp\/v2\/media\/1497"}],"wp:attachment":[{"href":"https:\/\/www.administracionpublica.utalca.cl\/index.php?rest_route=%2Fwp%2Fv2%2Fmedia&parent=1496"}],"wp:term":[{"taxonomy":"category","embeddable":true,"href":"https:\/\/www.administracionpublica.utalca.cl\/index.php?rest_route=%2Fwp%2Fv2%2Fcategories&post=1496"},{"taxonomy":"post_tag","embeddable":true,"href":"https:\/\/www.administracionpublica.utalca.cl\/index.php?rest_route=%2Fwp%2Fv2%2Ftags&post=1496"}],"curies":[{"name":"wp","href":"https:\/\/api.w.org\/{rel}","templated":true}]}}