{"id":1506,"date":"2024-06-04T13:56:49","date_gmt":"2024-06-04T13:56:49","guid":{"rendered":"https:\/\/www.administracionpublica.utalca.cl\/?p=1506"},"modified":"2024-06-04T13:56:49","modified_gmt":"2024-06-04T13:56:49","slug":"seminario-organizado-por-administracion-publica-campus-talca-abordo-los-horizontes-del-empleo-publico-en-chile","status":"publish","type":"post","link":"https:\/\/www.administracionpublica.utalca.cl\/?p=1506","title":{"rendered":"Seminario organizado por Administraci\u00f3n P\u00fablica Campus Talca abord\u00f3 los horizontes del empleo p\u00fablico en Chile"},"content":{"rendered":"<p>\u201cHorizontes del empleo p\u00fablico en Chile: perspectivas desaf\u00edos y oportunidades\u201d, llev\u00f3 por nombre el seminario que organiz\u00f3 la Escuela de Ciencia Pol\u00edtica y Administraci\u00f3n P\u00fablica, Campus Talca, de la Facultad de Ciencias Jur\u00eddicas y Sociales el pasado jueves 30 de mayo.<\/p>\n<p>Durante esta instancia, participaron cuatro importantes expositores, entre ellos el profesor de Derecho Administrativo en la Universidad Alberto Hurtado, Enrique Rajevic Mosler, el Jefe del \u00c1rea Campus Servicio Civil, Hugo Marchant Guzm\u00e1n, y los profesores de la UTalca, Gustavo Rayo Urrutia y Cristian Toledo Toledo.<\/p>\n<p>En esta oportunidad, el profesor Enrique Rajevic Mosler, habl\u00f3 sobre el actual modelo de empleo p\u00fablico en Chile \u201cel cual deber\u00eda promover el m\u00e9rito y la profesionalidad dentro del empleo p\u00fablico, no obstante, no funciona muy bien y como desaf\u00edo est\u00e1 reformarlo para que mejore el respeto y la dignidad de las personas que trabajan en la administraci\u00f3n p\u00fablica, ya que, esto traer\u00eda mejores servicios p\u00fablicos\u201d.<\/p>\n<p>Por su parte el Jefe del \u00c1rea Campus Servicio Civil, Hugo Marchant, cont\u00f3 detalles sobre Servicio y lo que \u201cse est\u00e1 haciendo en materia de empleo p\u00fablico. La idea es mostrar c\u00f3mo vamos innovando, mejorando la transparencia, y tambi\u00e9n c\u00f3mo se hace la gesti\u00f3n de personas dentro del Estado, sobre la base de buenas pr\u00e1cticas, promoci\u00f3n del desarrollo y buenos ambientes laborales\u201d.<\/p>\n<p>El profesor Rayo en tanto, destac\u00f3 que durante su exposici\u00f3n realiz\u00f3 \u201cun examen comparado a nivel latinoamericano y de la OCDE de c\u00f3mo se enfrentan tres variables que caracterizan al servicio p\u00fablico: el modo de ingreso y promoci\u00f3n dentro de la carrera funcionaria, los sistemas de evaluaci\u00f3n de desempe\u00f1os y las modalidades de formaci\u00f3n y capacitaci\u00f3n del personal junto con el marco normativo general que rige el Servicio Civil en nuestro pa\u00eds\u201d.<\/p>\n<p>Finalmente, el profesor Cristian Toledo, expuso sobre \u201cc\u00f3mo el c\u00f3digo del trabajo ha ido incursionando en el \u00e1mbito de los trabajadores p\u00fablicos precisando en tres aspectos: uno el tema del procedimiento de vulneraci\u00f3n de Derechos Fundamentales, el cual termina aplic\u00e1ndose a los funcionarios p\u00fablicos, aunque de manera mezquina, detalles sobre el fuero maternal y finalmente las consecuencias que hay en el despido de los trabajadores del sector p\u00fablico\u201d.<\/p>\n","protected":false},"excerpt":{"rendered":"<p>\u201cHorizontes del empleo p\u00fablico en Chile: perspectivas desaf\u00edos y oportunidades\u201d, llev\u00f3 por nombre el seminario que organiz\u00f3 la Escuela de Ciencia Pol\u00edtica y Administraci\u00f3n P\u00fablica, Campus Talca, de la Facultad de Ciencias Jur\u00eddicas y Sociales el pasado jueves 30 de mayo. Durante esta instancia, participaron cuatro importantes expositores, entre ellos el profesor de Derecho Administrativo [&hellip;]<\/p>\n","protected":false},"author":2,"featured_media":1507,"comment_status":"open","ping_status":"open","sticky":false,"template":"","format":"standard","meta":[],"categories":[4],"tags":[],"_links":{"self":[{"href":"https:\/\/www.administracionpublica.utalca.cl\/index.php?rest_route=\/wp\/v2\/posts\/1506"}],"collection":[{"href":"https:\/\/www.administracionpublica.utalca.cl\/index.php?rest_route=\/wp\/v2\/posts"}],"about":[{"href":"https:\/\/www.administracionpublica.utalca.cl\/index.php?rest_route=\/wp\/v2\/types\/post"}],"author":[{"embeddable":true,"href":"https:\/\/www.administracionpublica.utalca.cl\/index.php?rest_route=\/wp\/v2\/users\/2"}],"replies":[{"embeddable":true,"href":"https:\/\/www.administracionpublica.utalca.cl\/index.php?rest_route=%2Fwp%2Fv2%2Fcomments&post=1506"}],"version-history":[{"count":1,"href":"https:\/\/www.administracionpublica.utalca.cl\/index.php?rest_route=\/wp\/v2\/posts\/1506\/revisions"}],"predecessor-version":[{"id":1508,"href":"https:\/\/www.administracionpublica.utalca.cl\/index.php?rest_route=\/wp\/v2\/posts\/1506\/revisions\/1508"}],"wp:featuredmedia":[{"embeddable":true,"href":"https:\/\/www.administracionpublica.utalca.cl\/index.php?rest_route=\/wp\/v2\/media\/1507"}],"wp:attachment":[{"href":"https:\/\/www.administracionpublica.utalca.cl\/index.php?rest_route=%2Fwp%2Fv2%2Fmedia&parent=1506"}],"wp:term":[{"taxonomy":"category","embeddable":true,"href":"https:\/\/www.administracionpublica.utalca.cl\/index.php?rest_route=%2Fwp%2Fv2%2Fcategories&post=1506"},{"taxonomy":"post_tag","embeddable":true,"href":"https:\/\/www.administracionpublica.utalca.cl\/index.php?rest_route=%2Fwp%2Fv2%2Ftags&post=1506"}],"curies":[{"name":"wp","href":"https:\/\/api.w.org\/{rel}","templated":true}]}}