{"id":1512,"date":"2024-06-06T14:16:37","date_gmt":"2024-06-06T14:16:37","guid":{"rendered":"https:\/\/www.administracionpublica.utalca.cl\/?p=1512"},"modified":"2024-06-06T14:16:37","modified_gmt":"2024-06-06T14:16:37","slug":"director-regional-de-sence-en-el-maule-ofrecio-charla-a-estudiantes-de-administracion-publica-campus-talca","status":"publish","type":"post","link":"https:\/\/www.administracionpublica.utalca.cl\/?p=1512","title":{"rendered":"Director Regional de Sence en el Maule ofreci\u00f3 charla a estudiantes de Administraci\u00f3n P\u00fablica Campus Talca"},"content":{"rendered":"<p>El Director Regional del Servicio Nacional de Capacitaci\u00f3n y Empleo (Sence) en el Maule, Oscar Morales Mej\u00edas, visit\u00f3 la Escuela de Ciencia Pol\u00edtica y Administraci\u00f3n P\u00fablica, Campus Talca, instancia en la que ofreci\u00f3 una charla a los estudiantes del m\u00f3dulo de Derecho Administrativo de la carrera.<\/p>\n<p>Al respecto, la autoridad destac\u00f3 que durante su exposici\u00f3n trat\u00f3 de \u201cdifundir, reconocer y analizar en conjunto a los futuros\/as administradores p\u00fablicos, profesionales importantes en la regi\u00f3n, c\u00f3mo funciona el Sence, su contribuci\u00f3n, sus principales instrumentos p\u00fablicos, misi\u00f3n institucional y el impacto en la regi\u00f3n del Maule, de esta forma los estudiantes van interpretando y enlazando los conocimientos que van adquiriendo en el aula\u201d.<\/p>\n","protected":false},"excerpt":{"rendered":"<p>El Director Regional del Servicio Nacional de Capacitaci\u00f3n y Empleo (Sence) en el Maule, Oscar Morales Mej\u00edas, visit\u00f3 la Escuela de Ciencia Pol\u00edtica y Administraci\u00f3n P\u00fablica, Campus Talca, instancia en la que ofreci\u00f3 una charla a los estudiantes del m\u00f3dulo de Derecho Administrativo de la carrera. Al respecto, la autoridad destac\u00f3 que durante su exposici\u00f3n [&hellip;]<\/p>\n","protected":false},"author":2,"featured_media":1513,"comment_status":"open","ping_status":"open","sticky":false,"template":"","format":"standard","meta":[],"categories":[4],"tags":[],"_links":{"self":[{"href":"https:\/\/www.administracionpublica.utalca.cl\/index.php?rest_route=\/wp\/v2\/posts\/1512"}],"collection":[{"href":"https:\/\/www.administracionpublica.utalca.cl\/index.php?rest_route=\/wp\/v2\/posts"}],"about":[{"href":"https:\/\/www.administracionpublica.utalca.cl\/index.php?rest_route=\/wp\/v2\/types\/post"}],"author":[{"embeddable":true,"href":"https:\/\/www.administracionpublica.utalca.cl\/index.php?rest_route=\/wp\/v2\/users\/2"}],"replies":[{"embeddable":true,"href":"https:\/\/www.administracionpublica.utalca.cl\/index.php?rest_route=%2Fwp%2Fv2%2Fcomments&post=1512"}],"version-history":[{"count":1,"href":"https:\/\/www.administracionpublica.utalca.cl\/index.php?rest_route=\/wp\/v2\/posts\/1512\/revisions"}],"predecessor-version":[{"id":1514,"href":"https:\/\/www.administracionpublica.utalca.cl\/index.php?rest_route=\/wp\/v2\/posts\/1512\/revisions\/1514"}],"wp:featuredmedia":[{"embeddable":true,"href":"https:\/\/www.administracionpublica.utalca.cl\/index.php?rest_route=\/wp\/v2\/media\/1513"}],"wp:attachment":[{"href":"https:\/\/www.administracionpublica.utalca.cl\/index.php?rest_route=%2Fwp%2Fv2%2Fmedia&parent=1512"}],"wp:term":[{"taxonomy":"category","embeddable":true,"href":"https:\/\/www.administracionpublica.utalca.cl\/index.php?rest_route=%2Fwp%2Fv2%2Fcategories&post=1512"},{"taxonomy":"post_tag","embeddable":true,"href":"https:\/\/www.administracionpublica.utalca.cl\/index.php?rest_route=%2Fwp%2Fv2%2Ftags&post=1512"}],"curies":[{"name":"wp","href":"https:\/\/api.w.org\/{rel}","templated":true}]}}