{"id":1524,"date":"2024-06-06T20:37:27","date_gmt":"2024-06-06T20:37:27","guid":{"rendered":"https:\/\/www.administracionpublica.utalca.cl\/?p=1524"},"modified":"2024-06-06T20:37:27","modified_gmt":"2024-06-06T20:37:27","slug":"alcaldesa-de-san-rafael-conto-su-experiencia-en-el-cargo-frente-a-los-estudiantes-de-administracion-publica-campus-talca","status":"publish","type":"post","link":"https:\/\/www.administracionpublica.utalca.cl\/?p=1524","title":{"rendered":"Alcaldesa de San Rafael cont\u00f3 su experiencia en el cargo frente a los estudiantes de Administraci\u00f3n P\u00fablica Campus Talca"},"content":{"rendered":"<p>La alcaldesa de San Rafael, Claudia D\u00edaz Bravo, visit\u00f3 la Escuela de Ciencia Pol\u00edtica y Administraci\u00f3n P\u00fablica de la Facultad de Ciencias Jur\u00eddicas y Sociales de la Universidad de Talca, para contar su experiencia en el cargo frente a los estudiantes del m\u00f3dulo de Derecho Administrativo de la carrera.<\/p>\n<p>La autoridad se\u00f1al\u00f3 que la idea es \u201ccontarles un poco de la historia, de lo que ha sido para m\u00ed gobernar por tres periodos seguidos una comuna rural, como lo es San Rafael\u201d. Agreg\u00f3 que administrar \u201clos recursos p\u00fablicos de la comuna, es complejo, en nuestra comuna existe mucha vulnerabilidad, por lo que los dineros se deben ocupar como corresponden\u201d.<\/p>\n<p>Por otro lado, destac\u00f3 la apertura de carreras como Administraci\u00f3n P\u00fablica \u201cQue la Universidad de Talca implemente hoy una carrera como lo es Administraci\u00f3n P\u00fablica, en donde los profesionales del futuro trabajar\u00e1n en las seremis, municipios, direcciones a nivel nacional, es algo muy valioso y necesario\u201d.<\/p>\n","protected":false},"excerpt":{"rendered":"<p>La alcaldesa de San Rafael, Claudia D\u00edaz Bravo, visit\u00f3 la Escuela de Ciencia Pol\u00edtica y Administraci\u00f3n P\u00fablica de la Facultad de Ciencias Jur\u00eddicas y Sociales de la Universidad de Talca, para contar su experiencia en el cargo frente a los estudiantes del m\u00f3dulo de Derecho Administrativo de la carrera. La autoridad se\u00f1al\u00f3 que la idea [&hellip;]<\/p>\n","protected":false},"author":2,"featured_media":1525,"comment_status":"open","ping_status":"open","sticky":false,"template":"","format":"standard","meta":[],"categories":[4],"tags":[],"_links":{"self":[{"href":"https:\/\/www.administracionpublica.utalca.cl\/index.php?rest_route=\/wp\/v2\/posts\/1524"}],"collection":[{"href":"https:\/\/www.administracionpublica.utalca.cl\/index.php?rest_route=\/wp\/v2\/posts"}],"about":[{"href":"https:\/\/www.administracionpublica.utalca.cl\/index.php?rest_route=\/wp\/v2\/types\/post"}],"author":[{"embeddable":true,"href":"https:\/\/www.administracionpublica.utalca.cl\/index.php?rest_route=\/wp\/v2\/users\/2"}],"replies":[{"embeddable":true,"href":"https:\/\/www.administracionpublica.utalca.cl\/index.php?rest_route=%2Fwp%2Fv2%2Fcomments&post=1524"}],"version-history":[{"count":1,"href":"https:\/\/www.administracionpublica.utalca.cl\/index.php?rest_route=\/wp\/v2\/posts\/1524\/revisions"}],"predecessor-version":[{"id":1526,"href":"https:\/\/www.administracionpublica.utalca.cl\/index.php?rest_route=\/wp\/v2\/posts\/1524\/revisions\/1526"}],"wp:featuredmedia":[{"embeddable":true,"href":"https:\/\/www.administracionpublica.utalca.cl\/index.php?rest_route=\/wp\/v2\/media\/1525"}],"wp:attachment":[{"href":"https:\/\/www.administracionpublica.utalca.cl\/index.php?rest_route=%2Fwp%2Fv2%2Fmedia&parent=1524"}],"wp:term":[{"taxonomy":"category","embeddable":true,"href":"https:\/\/www.administracionpublica.utalca.cl\/index.php?rest_route=%2Fwp%2Fv2%2Fcategories&post=1524"},{"taxonomy":"post_tag","embeddable":true,"href":"https:\/\/www.administracionpublica.utalca.cl\/index.php?rest_route=%2Fwp%2Fv2%2Ftags&post=1524"}],"curies":[{"name":"wp","href":"https:\/\/api.w.org\/{rel}","templated":true}]}}