{"id":1532,"date":"2024-06-14T16:51:36","date_gmt":"2024-06-14T16:51:36","guid":{"rendered":"https:\/\/www.administracionpublica.utalca.cl\/?p=1532"},"modified":"2024-06-14T16:51:36","modified_gmt":"2024-06-14T16:51:36","slug":"profesor-tomas-chadwick-participo-en-la-xviii-conferencia-anual-de-la-red-interamericana-de-educacion-en-administracion-publica-en-costa-rica","status":"publish","type":"post","link":"https:\/\/www.administracionpublica.utalca.cl\/?p=1532","title":{"rendered":"Profesor Tom\u00e1s Chadwick particip\u00f3 en la XVIII Conferencia Anual de la Red Interamericana de Educaci\u00f3n en Administraci\u00f3n P\u00fablica en Costa Rica"},"content":{"rendered":"<p>El profesor de la Escuela de Ciencia Pol\u00edtica y Administraci\u00f3n P\u00fablica, Campus Talca de la Facultad, Tom\u00e1s Chadwick Lobos, particip\u00f3 en la XVIII Conferencia Anual de la Red Interamericana de Educaci\u00f3n en Administraci\u00f3n P\u00fablica celebrada en la Rep\u00fablica de Costa Rica a fines de mayo de 2024.<\/p>\n<p>Durante esta instancia, el acad\u00e9mico expuso en el panel \u201cModelos de gobernanza para la transformaci\u00f3n del Estado y la democracia\u201d respecto a su investigaci\u00f3n \u201cPr\u00e1cticas y pol\u00edticas de participaci\u00f3n en Chile. El efecto del empoderamiento otorgado en las relaciones de poder\u201d.<\/p>\n<p>Este encuentro tuvo lugar tanto en las instalaciones del Centro de Investigaci\u00f3n y Capacitaci\u00f3n en Administraci\u00f3n P\u00fablica (CICAP), ubicado en la provincia de San Jos\u00e9, como en la Sede del Caribe de la Universidad de Costa Rica (UCR), en la provincia de Lim\u00f3n. Cabe se\u00f1alar que en esta conferencia anual se reunieron representantes de 26 instituciones del continente americano, entre ellos el acad\u00e9mico de nuestra Facultad.<\/p>\n","protected":false},"excerpt":{"rendered":"<p>El profesor de la Escuela de Ciencia Pol\u00edtica y Administraci\u00f3n P\u00fablica, Campus Talca de la Facultad, Tom\u00e1s Chadwick Lobos, particip\u00f3 en la XVIII Conferencia Anual de la Red Interamericana de Educaci\u00f3n en Administraci\u00f3n P\u00fablica celebrada en la Rep\u00fablica de Costa Rica a fines de mayo de 2024. Durante esta instancia, el acad\u00e9mico expuso en el [&hellip;]<\/p>\n","protected":false},"author":2,"featured_media":1533,"comment_status":"open","ping_status":"open","sticky":false,"template":"","format":"standard","meta":[],"categories":[4],"tags":[],"_links":{"self":[{"href":"https:\/\/www.administracionpublica.utalca.cl\/index.php?rest_route=\/wp\/v2\/posts\/1532"}],"collection":[{"href":"https:\/\/www.administracionpublica.utalca.cl\/index.php?rest_route=\/wp\/v2\/posts"}],"about":[{"href":"https:\/\/www.administracionpublica.utalca.cl\/index.php?rest_route=\/wp\/v2\/types\/post"}],"author":[{"embeddable":true,"href":"https:\/\/www.administracionpublica.utalca.cl\/index.php?rest_route=\/wp\/v2\/users\/2"}],"replies":[{"embeddable":true,"href":"https:\/\/www.administracionpublica.utalca.cl\/index.php?rest_route=%2Fwp%2Fv2%2Fcomments&post=1532"}],"version-history":[{"count":1,"href":"https:\/\/www.administracionpublica.utalca.cl\/index.php?rest_route=\/wp\/v2\/posts\/1532\/revisions"}],"predecessor-version":[{"id":1534,"href":"https:\/\/www.administracionpublica.utalca.cl\/index.php?rest_route=\/wp\/v2\/posts\/1532\/revisions\/1534"}],"wp:featuredmedia":[{"embeddable":true,"href":"https:\/\/www.administracionpublica.utalca.cl\/index.php?rest_route=\/wp\/v2\/media\/1533"}],"wp:attachment":[{"href":"https:\/\/www.administracionpublica.utalca.cl\/index.php?rest_route=%2Fwp%2Fv2%2Fmedia&parent=1532"}],"wp:term":[{"taxonomy":"category","embeddable":true,"href":"https:\/\/www.administracionpublica.utalca.cl\/index.php?rest_route=%2Fwp%2Fv2%2Fcategories&post=1532"},{"taxonomy":"post_tag","embeddable":true,"href":"https:\/\/www.administracionpublica.utalca.cl\/index.php?rest_route=%2Fwp%2Fv2%2Ftags&post=1532"}],"curies":[{"name":"wp","href":"https:\/\/api.w.org\/{rel}","templated":true}]}}