{"id":1550,"date":"2024-06-25T14:56:58","date_gmt":"2024-06-25T14:56:58","guid":{"rendered":"https:\/\/www.administracionpublica.utalca.cl\/?p=1550"},"modified":"2024-06-25T14:58:53","modified_gmt":"2024-06-25T14:58:53","slug":"profesores-mario-herrera-y-alejandra-marquez-participaron-en-jornadas-sobre-ensenanza-de-ciencia-politica-y-rrii","status":"publish","type":"post","link":"https:\/\/www.administracionpublica.utalca.cl\/?p=1550","title":{"rendered":"Profesores Mario Herrera y Alejandra M\u00e1rquez participaron en Jornadas sobre Ense\u00f1anza de Ciencia Pol\u00edtica y RRII"},"content":{"rendered":"<p>Los profesores de la carrera de Administraci\u00f3n P\u00fablica de la Facultad de Ciencias Jur\u00eddicas y Sociales de la Universidad de Talca, Mario Herrera Mu\u00f1oz y Alejandra M\u00e1rquez Cabrera, participaron en las I Jornadas de la Fundaci\u00f3n para una Democracia Participativa (FUDEPA) el 19 y 20 de junio.<\/p>\n<p>En esta oportunidad, las jornadas realizadas de manera telem\u00e1tica, abordaron \u201cLa ense\u00f1anza de la Ciencia Pol\u00edtica y las Relaciones Internacionales (RRII) en Latinoam\u00e9rica\u201d, instancia en la que participaron 14 universidades y m\u00e1s de 100 expositores quienes presentaron ideas sobre c\u00f3mo pensar los desaf\u00edos de su ense\u00f1anza y las reformas curriculares en discusi\u00f3n.<\/p>\n<p>Respecto a la ponencia de los profesores, ellos realizaron una presentaci\u00f3n titulada \u00abPanorama en la formaci\u00f3n en Relaciones Internacionales en Chile\u00bb, en donde expusieron una indagatoria respecto a la formaci\u00f3n en relaciones internacionales en Chile como disciplina.<\/p>\n<p>Al respecto, la profesora Alejandra se\u00f1al\u00f3 que distinguieron \u201ctres espacios en la oferta de pregrado. Primero, un espacio de carreras disciplinares de las relaciones internacionales, pero con elementos interdisciplinarios. Segundo, programas de ciencia pol\u00edtica que incorporan como l\u00ednea formativa las relaciones internacionales. Tercero, programas de administraci\u00f3n p\u00fablica -que normalmente suelen estar vinculados con public affairs, pero que dada la historia de la formaci\u00f3n de carreras de administraci\u00f3n p\u00fablica, en Chile est\u00e1n vinculados con las relaciones internacionales\u201d.<\/p>\n<p>Finalmente destac\u00f3 que \u201cjunto con ello, indagamos en programas de postgrado y formaci\u00f3n continua, identificando una creciente oferta disciplinar en el \u00e1rea\u201d.<\/p>\n<p><img loading=\"lazy\" class=\"alignnone wp-image-1553\" src=\"https:\/\/www.administracionpublica.utalca.cl\/wp-content\/uploads\/2024\/06\/Congreso-FUDEPA-300x261.png\" alt=\"\" width=\"612\" height=\"533\" srcset=\"https:\/\/www.administracionpublica.utalca.cl\/wp-content\/uploads\/2024\/06\/Congreso-FUDEPA-300x261.png 300w, https:\/\/www.administracionpublica.utalca.cl\/wp-content\/uploads\/2024\/06\/Congreso-FUDEPA-1024x891.png 1024w, https:\/\/www.administracionpublica.utalca.cl\/wp-content\/uploads\/2024\/06\/Congreso-FUDEPA-768x669.png 768w, https:\/\/www.administracionpublica.utalca.cl\/wp-content\/uploads\/2024\/06\/Congreso-FUDEPA.png 1143w\" sizes=\"(max-width: 612px) 100vw, 612px\" \/><\/p>\n","protected":false},"excerpt":{"rendered":"<p>Los profesores de la carrera de Administraci\u00f3n P\u00fablica de la Facultad de Ciencias Jur\u00eddicas y Sociales de la Universidad de Talca, Mario Herrera Mu\u00f1oz y Alejandra M\u00e1rquez Cabrera, participaron en las I Jornadas de la Fundaci\u00f3n para una Democracia Participativa (FUDEPA) el 19 y 20 de junio. En esta oportunidad, las jornadas realizadas de manera [&hellip;]<\/p>\n","protected":false},"author":2,"featured_media":1551,"comment_status":"open","ping_status":"open","sticky":false,"template":"","format":"standard","meta":[],"categories":[4],"tags":[],"_links":{"self":[{"href":"https:\/\/www.administracionpublica.utalca.cl\/index.php?rest_route=\/wp\/v2\/posts\/1550"}],"collection":[{"href":"https:\/\/www.administracionpublica.utalca.cl\/index.php?rest_route=\/wp\/v2\/posts"}],"about":[{"href":"https:\/\/www.administracionpublica.utalca.cl\/index.php?rest_route=\/wp\/v2\/types\/post"}],"author":[{"embeddable":true,"href":"https:\/\/www.administracionpublica.utalca.cl\/index.php?rest_route=\/wp\/v2\/users\/2"}],"replies":[{"embeddable":true,"href":"https:\/\/www.administracionpublica.utalca.cl\/index.php?rest_route=%2Fwp%2Fv2%2Fcomments&post=1550"}],"version-history":[{"count":4,"href":"https:\/\/www.administracionpublica.utalca.cl\/index.php?rest_route=\/wp\/v2\/posts\/1550\/revisions"}],"predecessor-version":[{"id":1556,"href":"https:\/\/www.administracionpublica.utalca.cl\/index.php?rest_route=\/wp\/v2\/posts\/1550\/revisions\/1556"}],"wp:featuredmedia":[{"embeddable":true,"href":"https:\/\/www.administracionpublica.utalca.cl\/index.php?rest_route=\/wp\/v2\/media\/1551"}],"wp:attachment":[{"href":"https:\/\/www.administracionpublica.utalca.cl\/index.php?rest_route=%2Fwp%2Fv2%2Fmedia&parent=1550"}],"wp:term":[{"taxonomy":"category","embeddable":true,"href":"https:\/\/www.administracionpublica.utalca.cl\/index.php?rest_route=%2Fwp%2Fv2%2Fcategories&post=1550"},{"taxonomy":"post_tag","embeddable":true,"href":"https:\/\/www.administracionpublica.utalca.cl\/index.php?rest_route=%2Fwp%2Fv2%2Ftags&post=1550"}],"curies":[{"name":"wp","href":"https:\/\/api.w.org\/{rel}","templated":true}]}}