{"id":1561,"date":"2024-07-01T21:04:55","date_gmt":"2024-07-01T21:04:55","guid":{"rendered":"https:\/\/www.administracionpublica.utalca.cl\/?p=1561"},"modified":"2024-07-01T21:04:55","modified_gmt":"2024-07-01T21:04:55","slug":"administrador-publico-del-gore-maule-ofrecio-charla-a-estudiantes-de-la-carrera-campus-talca","status":"publish","type":"post","link":"https:\/\/www.administracionpublica.utalca.cl\/?p=1561","title":{"rendered":"Administrador P\u00fablico del GORE Maule ofreci\u00f3 charla a estudiantes de la carrera Campus Talca"},"content":{"rendered":"<p>La Escuela de Ciencia Pol\u00edtica y Administraci\u00f3n P\u00fablica, Campus Talca, retom\u00f3 el \u201cCiclo de Administradores P\u00fablicos en Acci\u00f3n: Experiencias y Desaf\u00edos\u201d, el cual comenz\u00f3 en 2023 y que busca que egresados de la carrera cuenten sus experiencias a estudiantes de pregrado.<\/p>\n<p>Bajo esa l\u00ednea, el invitado de esta oportunidad fue el Administrador P\u00fablico, Gobierno Regional del Maule Valent\u00edn Z\u00fa\u00f1iga Bustos.\u00a0 Al respecto, el Director de la Escuela, Fernando Soto Ram\u00edrez, indic\u00f3 que \u201cel objetivo del ciclo es acercar los quehaceres de los administradores p\u00fablicos a los estudiantes. En esta ocasi\u00f3n el invitado comparti\u00f3 su experiencia, aclar\u00f3 sus dudas y cuestionamientos que surgen al estudiar carreras de pregrado respecto al mundo laboral\u201d.<\/p>\n<p>El invitado en tanto, detall\u00f3 que adem\u00e1s de contar su experiencia, mostr\u00f3 \u201clo que hacen los servicios, su planificaci\u00f3n, en este caso, enfocada en la Estrategia Regional de Desarrollo, proyectada al 2042 y de esta forma imaginar c\u00f3mo los servicios p\u00fablicos logran implementar sus planificaciones pensando en esas organizaciones del futuro en donde la tecnolog\u00eda va a impactar tremendamente\u201d.<\/p>\n<p>Finalmente, el profesional se\u00f1al\u00f3 que coment\u00f3 \u201cdetalles respecto de un peque\u00f1o proyecto en el que estoy trabajando que dice relaci\u00f3n con la utilizaci\u00f3n inteligente de los datos en la administraci\u00f3n p\u00fablica, es un proyecto que busca detectar anomal\u00edas y optimizar tiempos de algunos procesos\u201d.<\/p>\n","protected":false},"excerpt":{"rendered":"<p>La Escuela de Ciencia Pol\u00edtica y Administraci\u00f3n P\u00fablica, Campus Talca, retom\u00f3 el \u201cCiclo de Administradores P\u00fablicos en Acci\u00f3n: Experiencias y Desaf\u00edos\u201d, el cual comenz\u00f3 en 2023 y que busca que egresados de la carrera cuenten sus experiencias a estudiantes de pregrado. Bajo esa l\u00ednea, el invitado de esta oportunidad fue el Administrador P\u00fablico, Gobierno Regional [&hellip;]<\/p>\n","protected":false},"author":2,"featured_media":1562,"comment_status":"open","ping_status":"open","sticky":false,"template":"","format":"standard","meta":[],"categories":[4],"tags":[],"_links":{"self":[{"href":"https:\/\/www.administracionpublica.utalca.cl\/index.php?rest_route=\/wp\/v2\/posts\/1561"}],"collection":[{"href":"https:\/\/www.administracionpublica.utalca.cl\/index.php?rest_route=\/wp\/v2\/posts"}],"about":[{"href":"https:\/\/www.administracionpublica.utalca.cl\/index.php?rest_route=\/wp\/v2\/types\/post"}],"author":[{"embeddable":true,"href":"https:\/\/www.administracionpublica.utalca.cl\/index.php?rest_route=\/wp\/v2\/users\/2"}],"replies":[{"embeddable":true,"href":"https:\/\/www.administracionpublica.utalca.cl\/index.php?rest_route=%2Fwp%2Fv2%2Fcomments&post=1561"}],"version-history":[{"count":1,"href":"https:\/\/www.administracionpublica.utalca.cl\/index.php?rest_route=\/wp\/v2\/posts\/1561\/revisions"}],"predecessor-version":[{"id":1563,"href":"https:\/\/www.administracionpublica.utalca.cl\/index.php?rest_route=\/wp\/v2\/posts\/1561\/revisions\/1563"}],"wp:featuredmedia":[{"embeddable":true,"href":"https:\/\/www.administracionpublica.utalca.cl\/index.php?rest_route=\/wp\/v2\/media\/1562"}],"wp:attachment":[{"href":"https:\/\/www.administracionpublica.utalca.cl\/index.php?rest_route=%2Fwp%2Fv2%2Fmedia&parent=1561"}],"wp:term":[{"taxonomy":"category","embeddable":true,"href":"https:\/\/www.administracionpublica.utalca.cl\/index.php?rest_route=%2Fwp%2Fv2%2Fcategories&post=1561"},{"taxonomy":"post_tag","embeddable":true,"href":"https:\/\/www.administracionpublica.utalca.cl\/index.php?rest_route=%2Fwp%2Fv2%2Ftags&post=1561"}],"curies":[{"name":"wp","href":"https:\/\/api.w.org\/{rel}","templated":true}]}}