{"id":1567,"date":"2024-07-05T19:53:47","date_gmt":"2024-07-05T19:53:47","guid":{"rendered":"https:\/\/www.administracionpublica.utalca.cl\/?p=1567"},"modified":"2024-07-05T19:59:00","modified_gmt":"2024-07-05T19:59:00","slug":"contraloria-regional-del-maule-recibio-la-visita-de-estudiantes-de-administracion-publica-campus-talca","status":"publish","type":"post","link":"https:\/\/www.administracionpublica.utalca.cl\/?p=1567","title":{"rendered":"Contralor\u00eda Regional del Maule recibi\u00f3 la visita de estudiantes de Administraci\u00f3n P\u00fablica Campus Talca"},"content":{"rendered":"<p>Estudiantes de la Escuela de Ciencia Pol\u00edtica y Administraci\u00f3n P\u00fablica, Campus Talca, de la Facultad de Ciencias Jur\u00eddicas y Sociales de la Universidad de Talca, visitaron la Contralor\u00eda Regional del Maule para conocer sus instalaciones y aprender detalles respecto al trabajo que all\u00ed se realiza.<\/p>\n<p>Al respecto el Contralor Regional del Maule, Carlos Basaez Valdebenito, detall\u00f3 que \u201ceste es un nicho para los profesionales de la administraci\u00f3n p\u00fablica, entonces es bueno que los estudiantes de esta carrera puedan conocernos y sentirse entusiasmados por lo que ven\u201d.<\/p>\n<p>Por su parte, el Director de la Escuela, Fernando Soto Ram\u00edrez, detall\u00f3 que esta actividad se enmarca en el m\u00f3dulo de Derecho Administrativo que tienen los estudiantes de la carrera quienes se dividieron en dos grupos para realizar esta visita el 2 y 3 de julio.<\/p>\n<p>Sobre la visita se\u00f1al\u00f3 que \u201cfue una forma en que los j\u00f3venes interactuaron con los funcionarios quienes les contaron su experiencia en este \u00f3rgano superior de control, les explicaron en qu\u00e9 consiste su trabajo y la importancia de la contralor\u00eda en el Maule. La idea es acercarlos a los espacios en donde en el futuro de desempe\u00f1ar\u00e1n\u201d.<\/p>\n","protected":false},"excerpt":{"rendered":"<p>Estudiantes de la Escuela de Ciencia Pol\u00edtica y Administraci\u00f3n P\u00fablica, Campus Talca, de la Facultad de Ciencias Jur\u00eddicas y Sociales de la Universidad de Talca, visitaron la Contralor\u00eda Regional del Maule para conocer sus instalaciones y aprender detalles respecto al trabajo que all\u00ed se realiza. Al respecto el Contralor Regional del Maule, Carlos Basaez Valdebenito, [&hellip;]<\/p>\n","protected":false},"author":2,"featured_media":1568,"comment_status":"open","ping_status":"open","sticky":false,"template":"","format":"standard","meta":[],"categories":[4],"tags":[],"_links":{"self":[{"href":"https:\/\/www.administracionpublica.utalca.cl\/index.php?rest_route=\/wp\/v2\/posts\/1567"}],"collection":[{"href":"https:\/\/www.administracionpublica.utalca.cl\/index.php?rest_route=\/wp\/v2\/posts"}],"about":[{"href":"https:\/\/www.administracionpublica.utalca.cl\/index.php?rest_route=\/wp\/v2\/types\/post"}],"author":[{"embeddable":true,"href":"https:\/\/www.administracionpublica.utalca.cl\/index.php?rest_route=\/wp\/v2\/users\/2"}],"replies":[{"embeddable":true,"href":"https:\/\/www.administracionpublica.utalca.cl\/index.php?rest_route=%2Fwp%2Fv2%2Fcomments&post=1567"}],"version-history":[{"count":2,"href":"https:\/\/www.administracionpublica.utalca.cl\/index.php?rest_route=\/wp\/v2\/posts\/1567\/revisions"}],"predecessor-version":[{"id":1573,"href":"https:\/\/www.administracionpublica.utalca.cl\/index.php?rest_route=\/wp\/v2\/posts\/1567\/revisions\/1573"}],"wp:featuredmedia":[{"embeddable":true,"href":"https:\/\/www.administracionpublica.utalca.cl\/index.php?rest_route=\/wp\/v2\/media\/1568"}],"wp:attachment":[{"href":"https:\/\/www.administracionpublica.utalca.cl\/index.php?rest_route=%2Fwp%2Fv2%2Fmedia&parent=1567"}],"wp:term":[{"taxonomy":"category","embeddable":true,"href":"https:\/\/www.administracionpublica.utalca.cl\/index.php?rest_route=%2Fwp%2Fv2%2Fcategories&post=1567"},{"taxonomy":"post_tag","embeddable":true,"href":"https:\/\/www.administracionpublica.utalca.cl\/index.php?rest_route=%2Fwp%2Fv2%2Ftags&post=1567"}],"curies":[{"name":"wp","href":"https:\/\/api.w.org\/{rel}","templated":true}]}}