{"id":1581,"date":"2024-07-12T16:26:02","date_gmt":"2024-07-12T16:26:02","guid":{"rendered":"https:\/\/www.administracionpublica.utalca.cl\/?p=1581"},"modified":"2024-07-12T16:49:10","modified_gmt":"2024-07-12T16:49:10","slug":"practica-profesional-i-de-administracion-publica-campus-talca-se-amplio-a-tres-nuevos-municipios","status":"publish","type":"post","link":"https:\/\/www.administracionpublica.utalca.cl\/?p=1581","title":{"rendered":"Pr\u00e1ctica Profesional I de Administraci\u00f3n P\u00fablica Campus Talca se ampli\u00f3 a tres nuevos municipios"},"content":{"rendered":"<p><span class=\"selectable-text copyable-text\">Gracias al convenio firmado en 2022 por la Asociaci\u00f3n Chilena de Municipalidades (ACHM) y Universidad de Talca, es que los estudiantes de la Escuela de Ciencia Pol\u00edtica y Administraci\u00f3n P\u00fablica, Campus Talca, de la Facultad de Ciencias Jur\u00eddicas y Sociales, pudieron realizar por tercer a\u00f1o consecutivo su Pr\u00e1ctica Profesional I en distintos municipios de la regi\u00f3n del Maule. <\/span><\/p>\n<p>Este 2024, fueron 21 los estudiantes que concluyeron esta etapa en las ciudades de: Curic\u00f3, San Javier, Maule, San Rafael, Pencahue, Molina, Talca, y Linares, pero a diferencia del a\u00f1o pasado, en esta oportunidad se sumaron tres nuevas comunas: Colb\u00fan, R\u00edo Claro y Empedrado.<\/p>\n<p>Al respecto, profesor encargado de Pr\u00e1ctica Profesional I, Juan Vega, se\u00f1al\u00f3 que los tutores en cada uno de los municipios destacaron \u201cel cumplimiento horario, las normas de protocolo, las habilidades, formaci\u00f3n t\u00e9cnica, cumplimiento de los objetivos y \u00a0la capacidad de formar equipos de trabajo de los estudiantes\u201d.<\/p>\n<p><strong>EXPERIENCIAS DE ESTUDIANTES<\/strong><\/p>\n<p>Algunos estudiantes quisieron dar a conocer parte de sus experiencias realizando su pr\u00e1ctica, Sof\u00eda Fuentes, por ejemplo, quien llev\u00f3 a cabo labores en la Municipalidad de San Rafael, indic\u00f3 que tuvo que \u201cdesarrollar una hoja de ruta para la gesti\u00f3n del cambio en el marco de la implementaci\u00f3n de la Ley 21.180 sobre Transformaci\u00f3n digital del Estado\u201d.<\/p>\n<p>Agreg\u00f3 que \u201cla elaboraci\u00f3n de la estrategia, implic\u00f3 varias etapas: inicialmente, una investigaci\u00f3n sobre gesti\u00f3n del cambio organizacional, seguida de una planificaci\u00f3n detallada de las actividades necesarias para entregar un producto de calidad basado en evidencia (\u2026) Esto no habr\u00eda sido posible sin los conocimientos adquiridos durante mis estudios de pregrado\u201d.<\/p>\n<p>Por otro lado, Rodrigo Vargas, quien hizo su pr\u00e1ctica en la Municipalidad de Molina, detall\u00f3 que debi\u00f3 realizar labores en la Secretar\u00eda Comunal de Planificaci\u00f3n SECPLAN. \u201cAll\u00ed fui coordinador administrativo, llevando el registro y creando memorandum, certificados e informes que fueran solicitados por los dem\u00e1s funcionarios de la unidad\u201d.<\/p>\n<p>A\u00f1adi\u00f3 que \u201cjunto al administrador municipal, complet\u00e9 el manual de cargos y funciones de la municipalidad, en donde mediante fichas de descripci\u00f3n de cargos, se completaron los siguientes datos de los funcionarios: nombre, escalaf\u00f3n, grado y unidad, m\u00e1s una descripci\u00f3n de los requisitos del cargo, las funciones y responsabilidades\u201d.<\/p>\n<p>Finalmente, Ivis Guzm\u00e1n quien realiz\u00f3 labores en la Municipalidad de Colb\u00fan, cont\u00f3 que tuvo que trabajar en \u201cla Unidad de Adquisiciones, de la Direcci\u00f3n de Administraci\u00f3n y Finanzas. Lo que m\u00e1s destaco es que todas y todos siempre estuvieron dispuestos a ense\u00f1arme, sumado a eso el Director me insisti\u00f3 en quedarme a trabajar, as\u00ed que la experiencia de mi primera pr\u00e1ctica profesional fue excelente\u00bb.<\/p>\n","protected":false},"excerpt":{"rendered":"<p>Gracias al convenio firmado en 2022 por la Asociaci\u00f3n Chilena de Municipalidades (ACHM) y Universidad de Talca, es que los estudiantes de la Escuela de Ciencia Pol\u00edtica y Administraci\u00f3n P\u00fablica, Campus Talca, de la Facultad de Ciencias Jur\u00eddicas y Sociales, pudieron realizar por tercer a\u00f1o consecutivo su Pr\u00e1ctica Profesional I en distintos municipios de la [&hellip;]<\/p>\n","protected":false},"author":2,"featured_media":1582,"comment_status":"open","ping_status":"open","sticky":false,"template":"","format":"standard","meta":[],"categories":[1],"tags":[],"_links":{"self":[{"href":"https:\/\/www.administracionpublica.utalca.cl\/index.php?rest_route=\/wp\/v2\/posts\/1581"}],"collection":[{"href":"https:\/\/www.administracionpublica.utalca.cl\/index.php?rest_route=\/wp\/v2\/posts"}],"about":[{"href":"https:\/\/www.administracionpublica.utalca.cl\/index.php?rest_route=\/wp\/v2\/types\/post"}],"author":[{"embeddable":true,"href":"https:\/\/www.administracionpublica.utalca.cl\/index.php?rest_route=\/wp\/v2\/users\/2"}],"replies":[{"embeddable":true,"href":"https:\/\/www.administracionpublica.utalca.cl\/index.php?rest_route=%2Fwp%2Fv2%2Fcomments&post=1581"}],"version-history":[{"count":4,"href":"https:\/\/www.administracionpublica.utalca.cl\/index.php?rest_route=\/wp\/v2\/posts\/1581\/revisions"}],"predecessor-version":[{"id":1589,"href":"https:\/\/www.administracionpublica.utalca.cl\/index.php?rest_route=\/wp\/v2\/posts\/1581\/revisions\/1589"}],"wp:featuredmedia":[{"embeddable":true,"href":"https:\/\/www.administracionpublica.utalca.cl\/index.php?rest_route=\/wp\/v2\/media\/1582"}],"wp:attachment":[{"href":"https:\/\/www.administracionpublica.utalca.cl\/index.php?rest_route=%2Fwp%2Fv2%2Fmedia&parent=1581"}],"wp:term":[{"taxonomy":"category","embeddable":true,"href":"https:\/\/www.administracionpublica.utalca.cl\/index.php?rest_route=%2Fwp%2Fv2%2Fcategories&post=1581"},{"taxonomy":"post_tag","embeddable":true,"href":"https:\/\/www.administracionpublica.utalca.cl\/index.php?rest_route=%2Fwp%2Fv2%2Ftags&post=1581"}],"curies":[{"name":"wp","href":"https:\/\/api.w.org\/{rel}","templated":true}]}}