{"id":1604,"date":"2024-08-08T15:25:14","date_gmt":"2024-08-08T15:25:14","guid":{"rendered":"https:\/\/www.administracionpublica.utalca.cl\/?p=1604"},"modified":"2024-08-08T15:25:14","modified_gmt":"2024-08-08T15:25:14","slug":"profesor-osvaldo-henriquez-participo-en-congreso-sobre-ciencia-politica-y-administracion-en-espana","status":"publish","type":"post","link":"https:\/\/www.administracionpublica.utalca.cl\/?p=1604","title":{"rendered":"Profesor Osvaldo Henr\u00edquez particip\u00f3 en Congreso sobre Ciencia Pol\u00edtica y Administraci\u00f3n en Espa\u00f1a"},"content":{"rendered":"<p>El profesor de la Escuela de Ciencia Pol\u00edtica y Administraci\u00f3n P\u00fablica, de la Facultad de Ciencias Jur\u00eddicas y Sociales de la Universidad de Talca, Osvaldo Henr\u00edquez Opazo, particip\u00f3 en el Congreso de la Asociaci\u00f3n Espa\u00f1ola de Ciencia Pol\u00edtica y Administraci\u00f3n, llevado a cabo en Burgos, Espa\u00f1a del 22 al 24 de julio de 2024.<\/p>\n<p>La tem\u00e1tica a abordar en este congreso con m\u00e1s de 600 investigadores de Europa y Latinoam\u00e9rica fue \u00abLa democracia ante los desaf\u00edos multinivel\u00bb. Bajo esa l\u00ednea, el acad\u00e9mico particip\u00f3 en el panel que trat\u00f3 \u201clas pol\u00edticas sociales y su aplicaci\u00f3n en los gobiernos subnacionales\u201d, detall\u00f3.<\/p>\n<p>Al respecto, se\u00f1al\u00f3 que su ponencia se denomin\u00f3 \u00abSalud p\u00fablica universal, saliendo de la capital Santiago: una revisi\u00f3n del caso de la regi\u00f3n del Biob\u00edo, Chile\u201d, agreg\u00f3 que all\u00ed se discutieron los detalles respecto al \u201csistema de atenci\u00f3n de salud prevaleciente que utilizan los ciudadanos en regiones y, que en el caso estudiado, el \u00a091% se atiende en la salud p\u00fablica, de la misma forma levantamos que el nivel de atenci\u00f3n primaria de salud en particular los CESFAM son muy bien catalogados por la comunidad\u00bb.<\/p>\n","protected":false},"excerpt":{"rendered":"<p>El profesor de la Escuela de Ciencia Pol\u00edtica y Administraci\u00f3n P\u00fablica, de la Facultad de Ciencias Jur\u00eddicas y Sociales de la Universidad de Talca, Osvaldo Henr\u00edquez Opazo, particip\u00f3 en el Congreso de la Asociaci\u00f3n Espa\u00f1ola de Ciencia Pol\u00edtica y Administraci\u00f3n, llevado a cabo en Burgos, Espa\u00f1a del 22 al 24 de julio de 2024. La [&hellip;]<\/p>\n","protected":false},"author":2,"featured_media":1605,"comment_status":"open","ping_status":"open","sticky":false,"template":"","format":"standard","meta":[],"categories":[4],"tags":[],"_links":{"self":[{"href":"https:\/\/www.administracionpublica.utalca.cl\/index.php?rest_route=\/wp\/v2\/posts\/1604"}],"collection":[{"href":"https:\/\/www.administracionpublica.utalca.cl\/index.php?rest_route=\/wp\/v2\/posts"}],"about":[{"href":"https:\/\/www.administracionpublica.utalca.cl\/index.php?rest_route=\/wp\/v2\/types\/post"}],"author":[{"embeddable":true,"href":"https:\/\/www.administracionpublica.utalca.cl\/index.php?rest_route=\/wp\/v2\/users\/2"}],"replies":[{"embeddable":true,"href":"https:\/\/www.administracionpublica.utalca.cl\/index.php?rest_route=%2Fwp%2Fv2%2Fcomments&post=1604"}],"version-history":[{"count":1,"href":"https:\/\/www.administracionpublica.utalca.cl\/index.php?rest_route=\/wp\/v2\/posts\/1604\/revisions"}],"predecessor-version":[{"id":1606,"href":"https:\/\/www.administracionpublica.utalca.cl\/index.php?rest_route=\/wp\/v2\/posts\/1604\/revisions\/1606"}],"wp:featuredmedia":[{"embeddable":true,"href":"https:\/\/www.administracionpublica.utalca.cl\/index.php?rest_route=\/wp\/v2\/media\/1605"}],"wp:attachment":[{"href":"https:\/\/www.administracionpublica.utalca.cl\/index.php?rest_route=%2Fwp%2Fv2%2Fmedia&parent=1604"}],"wp:term":[{"taxonomy":"category","embeddable":true,"href":"https:\/\/www.administracionpublica.utalca.cl\/index.php?rest_route=%2Fwp%2Fv2%2Fcategories&post=1604"},{"taxonomy":"post_tag","embeddable":true,"href":"https:\/\/www.administracionpublica.utalca.cl\/index.php?rest_route=%2Fwp%2Fv2%2Ftags&post=1604"}],"curies":[{"name":"wp","href":"https:\/\/api.w.org\/{rel}","templated":true}]}}