{"id":1610,"date":"2024-08-13T20:11:40","date_gmt":"2024-08-13T20:11:40","guid":{"rendered":"https:\/\/www.administracionpublica.utalca.cl\/?p=1610"},"modified":"2024-08-13T20:11:40","modified_gmt":"2024-08-13T20:11:40","slug":"profesor-gustavo-rayo-formara-parte-del-panel-de-evaluacion-sectorial-de-capacitacion-y-formacion-laboral-de-dipres","status":"publish","type":"post","link":"https:\/\/www.administracionpublica.utalca.cl\/?p=1610","title":{"rendered":"Profesor Gustavo Rayo formar\u00e1 parte del panel de Evaluaci\u00f3n Sectorial de Capacitaci\u00f3n y Formaci\u00f3n Laboral de DIPRES"},"content":{"rendered":"<p>El profesor de la carrera de Administraci\u00f3n P\u00fablica de la Facultad de Ciencias Jur\u00eddicas y Sociales de la Universidad de Talca, Gustavo Rayo Urrutia, fue seleccionado para formar parte del panel de Evaluaci\u00f3n Sectorial de Capacitaci\u00f3n y Formaci\u00f3n Laboral de la Direcci\u00f3n de Presupuestos de Chile (DIPRES).<\/p>\n<p>El acad\u00e9mico, estar\u00e1 acompa\u00f1ado de otros dos expertos y juntos tendr\u00e1n que liderar este instrumento del DIPRES llamado Evaluaci\u00f3n Sectorial y \u201canalizar un conjunto de programas gubernamentales, en este caso, del \u00e1rea de Capacitaci\u00f3n y Formaci\u00f3n Laboral\u201d, detall\u00f3 el profesor Rayo.<\/p>\n<p>Explic\u00f3 adem\u00e1s que all\u00ed se deben detectar \u201ceventuales duplicidades, faltas de coordinaci\u00f3n en el dise\u00f1o de programas, gesti\u00f3n de los mismos, etc, y de esta evaluaci\u00f3n, entregar una serie de recomendaciones a los servicios involucrados, quienes deber\u00e1n responder a aquello\u201d.<\/p>\n<p>Algunos de los servicios que podr\u00edan ser evaluados son \u201cel Servicio Nacional de Capacitaci\u00f3n y Empleo (SENCE), Divisiones del Ministerio de Educaci\u00f3n, orientados a la educaci\u00f3n de adultos, por ejemplo, el Instituto de Desarrollo Agropecuario (INDAP), en la medida en que realizan asistencia t\u00e9cnica, entre otros\u201d, ejemplific\u00f3 el profesor.<\/p>\n<p>Respecto a sus deseos en el cargo, el acad\u00e9mico expres\u00f3 querer \u201cser un aporte, es un \u00e1rea que conozco bien porque fui Jefe de Planificaci\u00f3n del Servicio Nacional de Capacitaci\u00f3n (SENCE) durante varios a\u00f1os en los 90\u00b4s, por lo tanto, estoy bastante informado respecto a lo que es esa \u00e1rea de intervenci\u00f3n del Estado\u201d.<\/p>\n<p>Sobre los desaf\u00edos, se\u00f1al\u00f3 que la idea es \u201cser capaces de construir un sistema de certificaci\u00f3n de competencias laborales, el cual hace unos a\u00f1os permit\u00eda que las personas, independiente de sus procesos de formaci\u00f3n formal, pudiesen reconocer sus competencias por la v\u00eda de la pr\u00e1ctica y experiencias en el campo del trabajo y as\u00ed ir en beneficio de la empleabilidad y mejora en las remuneraciones, pero esos procesos en el \u00faltimo tiempo perdi\u00f3 fuerza\u201d.<\/p>\n","protected":false},"excerpt":{"rendered":"<p>El profesor de la carrera de Administraci\u00f3n P\u00fablica de la Facultad de Ciencias Jur\u00eddicas y Sociales de la Universidad de Talca, Gustavo Rayo Urrutia, fue seleccionado para formar parte del panel de Evaluaci\u00f3n Sectorial de Capacitaci\u00f3n y Formaci\u00f3n Laboral de la Direcci\u00f3n de Presupuestos de Chile (DIPRES). El acad\u00e9mico, estar\u00e1 acompa\u00f1ado de otros dos expertos [&hellip;]<\/p>\n","protected":false},"author":2,"featured_media":1611,"comment_status":"open","ping_status":"open","sticky":false,"template":"","format":"standard","meta":[],"categories":[4],"tags":[],"_links":{"self":[{"href":"https:\/\/www.administracionpublica.utalca.cl\/index.php?rest_route=\/wp\/v2\/posts\/1610"}],"collection":[{"href":"https:\/\/www.administracionpublica.utalca.cl\/index.php?rest_route=\/wp\/v2\/posts"}],"about":[{"href":"https:\/\/www.administracionpublica.utalca.cl\/index.php?rest_route=\/wp\/v2\/types\/post"}],"author":[{"embeddable":true,"href":"https:\/\/www.administracionpublica.utalca.cl\/index.php?rest_route=\/wp\/v2\/users\/2"}],"replies":[{"embeddable":true,"href":"https:\/\/www.administracionpublica.utalca.cl\/index.php?rest_route=%2Fwp%2Fv2%2Fcomments&post=1610"}],"version-history":[{"count":1,"href":"https:\/\/www.administracionpublica.utalca.cl\/index.php?rest_route=\/wp\/v2\/posts\/1610\/revisions"}],"predecessor-version":[{"id":1612,"href":"https:\/\/www.administracionpublica.utalca.cl\/index.php?rest_route=\/wp\/v2\/posts\/1610\/revisions\/1612"}],"wp:featuredmedia":[{"embeddable":true,"href":"https:\/\/www.administracionpublica.utalca.cl\/index.php?rest_route=\/wp\/v2\/media\/1611"}],"wp:attachment":[{"href":"https:\/\/www.administracionpublica.utalca.cl\/index.php?rest_route=%2Fwp%2Fv2%2Fmedia&parent=1610"}],"wp:term":[{"taxonomy":"category","embeddable":true,"href":"https:\/\/www.administracionpublica.utalca.cl\/index.php?rest_route=%2Fwp%2Fv2%2Fcategories&post=1610"},{"taxonomy":"post_tag","embeddable":true,"href":"https:\/\/www.administracionpublica.utalca.cl\/index.php?rest_route=%2Fwp%2Fv2%2Ftags&post=1610"}],"curies":[{"name":"wp","href":"https:\/\/api.w.org\/{rel}","templated":true}]}}