{"id":1627,"date":"2024-08-22T20:54:28","date_gmt":"2024-08-22T20:54:28","guid":{"rendered":"https:\/\/www.administracionpublica.utalca.cl\/?p=1627"},"modified":"2024-08-22T21:10:47","modified_gmt":"2024-08-22T21:10:47","slug":"ap-campus-talca-celebro-su-7-aniversario-con-conferencia-sobre-nuevas-agendas-para-para-enfrentar-desafios-globales","status":"publish","type":"post","link":"https:\/\/www.administracionpublica.utalca.cl\/?p=1627","title":{"rendered":"AP Campus Talca celebr\u00f3 su 7\u00b0 aniversario con conferencia sobre nuevas agendas para enfrentar desaf\u00edos globales"},"content":{"rendered":"<p>La Escuela de Ciencia Pol\u00edtica y Administraci\u00f3n P\u00fablica, Campus Talca, de la Facultad de Ciencias Jur\u00eddicas y Sociales de la Universidad de Talca, celebr\u00f3 su s\u00e9ptimo aniversario. Para conmemorar este hito, la profesora de la Facultad de Gobierno de la Universidad de Chile, Ver\u00f3nica Figueroa Huencho, ofreci\u00f3 una conferencia para las y los estudiantes de la carrera.<\/p>\n<p>Su exposici\u00f3n, llev\u00f3 por nombre \u201cEstado, Pol\u00edticas P\u00fablicas y Administraci\u00f3n: la necesidad de nuevas agendas para enfrentar los desaf\u00edos globales\u201d. Bajo esa l\u00ednea, explic\u00f3 que con nuevas agendas se refiri\u00f3 a \u201cnuevas estrategias y c\u00f3mo los Estados tienen que acomodarse a los nuevos desaf\u00edos\u201d.<\/p>\n<p>Respecto a los desaf\u00edos globales, la acad\u00e9mica se\u00f1al\u00f3 que seg\u00fan \u201cel Foro Econ\u00f3mico Mundial del 2022, se instala el concepto de policrisis para decir que estamos ante m\u00faltiples crisis que se cruzan: medioambientales, geopol\u00edticas, el calentamiento global, y c\u00f3mo estas inciden en las formas de vida, la alimentaci\u00f3n, emocionalidad de las personas, y c\u00f3mo afecta de manera muy distinta a escenarios de vulnerabilidad, por razones de g\u00e9nero y a grupos que han sido excluidos hist\u00f3ricamente\u201d.<\/p>\n<p>Sobre esto \u00faltimo, asegur\u00f3 que \u201ces un momento de cambio de \u00e9poca bien importante y tenemos que intentar mirarlo en perspectiva para ver c\u00f3mo podemos contribuir a una sociedad que se va a ver m\u00e1s expuesta a la incertidumbre\u201d.<\/p>\n","protected":false},"excerpt":{"rendered":"<p>La Escuela de Ciencia Pol\u00edtica y Administraci\u00f3n P\u00fablica, Campus Talca, de la Facultad de Ciencias Jur\u00eddicas y Sociales de la Universidad de Talca, celebr\u00f3 su s\u00e9ptimo aniversario. Para conmemorar este hito, la profesora de la Facultad de Gobierno de la Universidad de Chile, Ver\u00f3nica Figueroa Huencho, ofreci\u00f3 una conferencia para las y los estudiantes de [&hellip;]<\/p>\n","protected":false},"author":2,"featured_media":1628,"comment_status":"open","ping_status":"open","sticky":false,"template":"","format":"standard","meta":[],"categories":[4],"tags":[],"_links":{"self":[{"href":"https:\/\/www.administracionpublica.utalca.cl\/index.php?rest_route=\/wp\/v2\/posts\/1627"}],"collection":[{"href":"https:\/\/www.administracionpublica.utalca.cl\/index.php?rest_route=\/wp\/v2\/posts"}],"about":[{"href":"https:\/\/www.administracionpublica.utalca.cl\/index.php?rest_route=\/wp\/v2\/types\/post"}],"author":[{"embeddable":true,"href":"https:\/\/www.administracionpublica.utalca.cl\/index.php?rest_route=\/wp\/v2\/users\/2"}],"replies":[{"embeddable":true,"href":"https:\/\/www.administracionpublica.utalca.cl\/index.php?rest_route=%2Fwp%2Fv2%2Fcomments&post=1627"}],"version-history":[{"count":5,"href":"https:\/\/www.administracionpublica.utalca.cl\/index.php?rest_route=\/wp\/v2\/posts\/1627\/revisions"}],"predecessor-version":[{"id":1639,"href":"https:\/\/www.administracionpublica.utalca.cl\/index.php?rest_route=\/wp\/v2\/posts\/1627\/revisions\/1639"}],"wp:featuredmedia":[{"embeddable":true,"href":"https:\/\/www.administracionpublica.utalca.cl\/index.php?rest_route=\/wp\/v2\/media\/1628"}],"wp:attachment":[{"href":"https:\/\/www.administracionpublica.utalca.cl\/index.php?rest_route=%2Fwp%2Fv2%2Fmedia&parent=1627"}],"wp:term":[{"taxonomy":"category","embeddable":true,"href":"https:\/\/www.administracionpublica.utalca.cl\/index.php?rest_route=%2Fwp%2Fv2%2Fcategories&post=1627"},{"taxonomy":"post_tag","embeddable":true,"href":"https:\/\/www.administracionpublica.utalca.cl\/index.php?rest_route=%2Fwp%2Fv2%2Ftags&post=1627"}],"curies":[{"name":"wp","href":"https:\/\/api.w.org\/{rel}","templated":true}]}}