{"id":1662,"date":"2024-09-11T19:50:07","date_gmt":"2024-09-11T19:50:07","guid":{"rendered":"https:\/\/www.administracionpublica.utalca.cl\/?p=1662"},"modified":"2024-09-11T19:50:07","modified_gmt":"2024-09-11T19:50:07","slug":"carrera-de-administracion-publica-campus-talca-realiza-homenaje-a-victimas-de-la-dictadura-en-la-utalca","status":"publish","type":"post","link":"https:\/\/www.administracionpublica.utalca.cl\/?p=1662","title":{"rendered":"Carrera de Administraci\u00f3n P\u00fablica Campus Talca realiza homenaje a v\u00edctimas de la dictadura en la UTalca"},"content":{"rendered":"<p>La Escuela de Ciencia Pol\u00edtica y Administraci\u00f3n P\u00fablica, Campus Talca, de la Facultad de Ciencias Jur\u00eddicas y Sociales de la Universidad de Talca, realiz\u00f3 un homenaje a las personas que eran parte de la casa de estudios y que fueron v\u00edctimas de la dictadura en Chile.<\/p>\n<p>Al respecto, el profesor organizador de esta actividad, Tom\u00e1s Lobos Chadwick, explic\u00f3 que hoy 11 de septiembre de 2024 junto al memorial de la universidad, se hizo hincapi\u00e9 en la historia de uno de los miembros de la universidad que perdieron la vida en este contexto.<\/p>\n<p>Expuso que se \u201crecordaron las circunstancias del deceso de H\u00e9ctor Valenzuela y tambi\u00e9n el de su familia, su esposa Hilda Vel\u00e1squez y la hija mayor de ambos Claudia que solo ten\u00eda 6 a\u00f1os. Para honrarlos, es que hicimos una actividad sencilla de car\u00e1cter triestamental en nuestra Facultad, en donde participaron representantes estudiantiles, profesores y administrativos\u201d.<\/p>\n<p>Agreg\u00f3 que \u201cla Facultad tiene un compromiso fundamental con los derechos humanos, y en ese contexto, es que tambi\u00e9n buscamos preservar la memoria quienes han sufrido las consecuencias de la dictadura\u201d.<\/p>\n<p>Cabe se\u00f1alar que en el memorial de la Universidad de Talca adem\u00e1s del nombre de H\u00e9ctor Dar\u00edo Valenzuela profesor de la universidad, tambi\u00e9n se recuerda a Jos\u00e9 Esteban Sep\u00falveda (Construcci\u00f3n Civil), Pablo Renan Vera (Ingenier\u00eda en Ejecuci\u00f3n Mec\u00e1nica), Ricardo Troncoso Mu\u00f1oz (Pedagog\u00eda en Biolog\u00eda) y Claudio Arturo Lav\u00edn (Agronom\u00eda).<\/p>\n","protected":false},"excerpt":{"rendered":"<p>La Escuela de Ciencia Pol\u00edtica y Administraci\u00f3n P\u00fablica, Campus Talca, de la Facultad de Ciencias Jur\u00eddicas y Sociales de la Universidad de Talca, realiz\u00f3 un homenaje a las personas que eran parte de la casa de estudios y que fueron v\u00edctimas de la dictadura en Chile. Al respecto, el profesor organizador de esta actividad, Tom\u00e1s [&hellip;]<\/p>\n","protected":false},"author":2,"featured_media":1663,"comment_status":"open","ping_status":"open","sticky":false,"template":"","format":"standard","meta":[],"categories":[4],"tags":[],"_links":{"self":[{"href":"https:\/\/www.administracionpublica.utalca.cl\/index.php?rest_route=\/wp\/v2\/posts\/1662"}],"collection":[{"href":"https:\/\/www.administracionpublica.utalca.cl\/index.php?rest_route=\/wp\/v2\/posts"}],"about":[{"href":"https:\/\/www.administracionpublica.utalca.cl\/index.php?rest_route=\/wp\/v2\/types\/post"}],"author":[{"embeddable":true,"href":"https:\/\/www.administracionpublica.utalca.cl\/index.php?rest_route=\/wp\/v2\/users\/2"}],"replies":[{"embeddable":true,"href":"https:\/\/www.administracionpublica.utalca.cl\/index.php?rest_route=%2Fwp%2Fv2%2Fcomments&post=1662"}],"version-history":[{"count":1,"href":"https:\/\/www.administracionpublica.utalca.cl\/index.php?rest_route=\/wp\/v2\/posts\/1662\/revisions"}],"predecessor-version":[{"id":1664,"href":"https:\/\/www.administracionpublica.utalca.cl\/index.php?rest_route=\/wp\/v2\/posts\/1662\/revisions\/1664"}],"wp:featuredmedia":[{"embeddable":true,"href":"https:\/\/www.administracionpublica.utalca.cl\/index.php?rest_route=\/wp\/v2\/media\/1663"}],"wp:attachment":[{"href":"https:\/\/www.administracionpublica.utalca.cl\/index.php?rest_route=%2Fwp%2Fv2%2Fmedia&parent=1662"}],"wp:term":[{"taxonomy":"category","embeddable":true,"href":"https:\/\/www.administracionpublica.utalca.cl\/index.php?rest_route=%2Fwp%2Fv2%2Fcategories&post=1662"},{"taxonomy":"post_tag","embeddable":true,"href":"https:\/\/www.administracionpublica.utalca.cl\/index.php?rest_route=%2Fwp%2Fv2%2Ftags&post=1662"}],"curies":[{"name":"wp","href":"https:\/\/api.w.org\/{rel}","templated":true}]}}