{"id":1668,"date":"2024-09-12T18:26:37","date_gmt":"2024-09-12T18:26:37","guid":{"rendered":"https:\/\/www.administracionpublica.utalca.cl\/?p=1668"},"modified":"2024-09-12T18:26:37","modified_gmt":"2024-09-12T18:26:37","slug":"estudiante-de-administracion-publica-participo-en-ii-congreso-gobierno-abierto","status":"publish","type":"post","link":"https:\/\/www.administracionpublica.utalca.cl\/?p=1668","title":{"rendered":"Estudiante de Administraci\u00f3n P\u00fablica particip\u00f3 en II Congreso Gobierno Abierto"},"content":{"rendered":"<p>La estudiante de quinto a\u00f1o de la Escuela de Ciencia Pol\u00edtica y Administraci\u00f3n P\u00fablica, Campus Talca, de la Facultad de Ciencia Jur\u00eddicas y Sociales de la Universidad de Talca, Sof\u00eda Fuentes Retamal, particip\u00f3 en el II Congreso Gobierno Abierto, el cual fue organizado por la Red Acad\u00e9mica Gobierno Abierto de Chile y la Universidad de Santiago de Chile, lugar en que se llev\u00f3 a cabo esta actividad desde el 28 al 30 de agosto.<\/p>\n<p>All\u00ed se reunieron acad\u00e9micos, representantes de la sociedad civil, funcionarios p\u00fablicos, expertos y actores clave para explorar y promover las mejores pr\u00e1cticas en la implementaci\u00f3n y el desarrollo de Gobierno Abierto y Estado Abierto.<\/p>\n<p>Al respecto, el Director del Departamento de Ciencia Pol\u00edtica y Administraci\u00f3n P\u00fablica, adem\u00e1s del profesor gu\u00eda de la estudiante, se\u00f1al\u00f3 que \u201cla participaci\u00f3n de Sof\u00eda en el Congreso de Gobierno Abierto es importante por dos motivos. Primero, contribuye a la formaci\u00f3n acad\u00e9mica de la estudiante en un contexto intelectual donde pudo recibir retroalimentaci\u00f3n para su trabajo por parte de expertos en el \u00e1rea\u201d.<\/p>\n<p>\u201cY segundo, demuestra que el cambio en el producto del Seminario de T\u00edtulo permite a los estudiantes realizar un trabajo que combina la s\u00f3lida formaci\u00f3n te\u00f3rica recibida en la carrera con un componente m\u00e1s pr\u00e1ctico, solucionando un problema p\u00fablico real\u00bb, destac\u00f3.<\/p>\n<p>En esta oportunidad, Sof\u00eda expuso su \u201ctrabajo de Seminario de T\u00edtulo I, titulado: <strong>\u00abTransformaci\u00f3n Digital en Municipios: Impacto de la Colaboraci\u00f3n Interinstitucional para Superar Brechas Organizacionales,\u00bb<\/strong> centrada en el caso del municipio de San Rafael\u201d, parti\u00f3 diciendo la estudiante.<\/p>\n<p>Agreg\u00f3 que \u201ceste estudio analiza c\u00f3mo el convenio entre la Secretar\u00eda de Gobierno Digital y la Universidad de Talca ha influido en la implementaci\u00f3n de la Ley 21.180 en los municipios, destacando la importancia de la colaboraci\u00f3n entre instituciones p\u00fablicas\u201d.<\/p>\n<p>Durante esta instancia, explic\u00f3 que detect\u00f3 \u201clos beneficios de la colaboraci\u00f3n interinstitucional y c\u00f3mo las universidades pueden apoyar el desarrollo territorial en el contexto de la modernizaci\u00f3n del Estado y la innovaci\u00f3n p\u00fablica\u00bb.<\/p>\n","protected":false},"excerpt":{"rendered":"<p>La estudiante de quinto a\u00f1o de la Escuela de Ciencia Pol\u00edtica y Administraci\u00f3n P\u00fablica, Campus Talca, de la Facultad de Ciencia Jur\u00eddicas y Sociales de la Universidad de Talca, Sof\u00eda Fuentes Retamal, particip\u00f3 en el II Congreso Gobierno Abierto, el cual fue organizado por la Red Acad\u00e9mica Gobierno Abierto de Chile y la Universidad de [&hellip;]<\/p>\n","protected":false},"author":2,"featured_media":1669,"comment_status":"open","ping_status":"open","sticky":false,"template":"","format":"standard","meta":[],"categories":[4],"tags":[],"_links":{"self":[{"href":"https:\/\/www.administracionpublica.utalca.cl\/index.php?rest_route=\/wp\/v2\/posts\/1668"}],"collection":[{"href":"https:\/\/www.administracionpublica.utalca.cl\/index.php?rest_route=\/wp\/v2\/posts"}],"about":[{"href":"https:\/\/www.administracionpublica.utalca.cl\/index.php?rest_route=\/wp\/v2\/types\/post"}],"author":[{"embeddable":true,"href":"https:\/\/www.administracionpublica.utalca.cl\/index.php?rest_route=\/wp\/v2\/users\/2"}],"replies":[{"embeddable":true,"href":"https:\/\/www.administracionpublica.utalca.cl\/index.php?rest_route=%2Fwp%2Fv2%2Fcomments&post=1668"}],"version-history":[{"count":1,"href":"https:\/\/www.administracionpublica.utalca.cl\/index.php?rest_route=\/wp\/v2\/posts\/1668\/revisions"}],"predecessor-version":[{"id":1670,"href":"https:\/\/www.administracionpublica.utalca.cl\/index.php?rest_route=\/wp\/v2\/posts\/1668\/revisions\/1670"}],"wp:featuredmedia":[{"embeddable":true,"href":"https:\/\/www.administracionpublica.utalca.cl\/index.php?rest_route=\/wp\/v2\/media\/1669"}],"wp:attachment":[{"href":"https:\/\/www.administracionpublica.utalca.cl\/index.php?rest_route=%2Fwp%2Fv2%2Fmedia&parent=1668"}],"wp:term":[{"taxonomy":"category","embeddable":true,"href":"https:\/\/www.administracionpublica.utalca.cl\/index.php?rest_route=%2Fwp%2Fv2%2Fcategories&post=1668"},{"taxonomy":"post_tag","embeddable":true,"href":"https:\/\/www.administracionpublica.utalca.cl\/index.php?rest_route=%2Fwp%2Fv2%2Ftags&post=1668"}],"curies":[{"name":"wp","href":"https:\/\/api.w.org\/{rel}","templated":true}]}}