{"id":1682,"date":"2024-09-25T19:45:50","date_gmt":"2024-09-25T19:45:50","guid":{"rendered":"https:\/\/www.administracionpublica.utalca.cl\/?p=1682"},"modified":"2024-10-08T19:26:43","modified_gmt":"2024-10-08T19:26:43","slug":"tres-estudiantes-de-la-facultad-ganaron-beca-santander-para-movilidad-internacional","status":"publish","type":"post","link":"https:\/\/www.administracionpublica.utalca.cl\/?p=1682","title":{"rendered":"Estudiante de Administraci\u00f3n P\u00fablica Campus Talca gan\u00f3 Beca Santander para Movilidad Internacional"},"content":{"rendered":"<p><span data-contrast=\"auto\">Tres estudiantes de la Facultad de Ciencias Jur\u00eddicas y Sociales de la Universidad de Talca, ganaron este 2024 la Beca Santander para Movilidad Internacional. Se trata de la estudiante de Administraci\u00f3n P\u00fablica, Campus Talca, Javiera Araya Tapia y los estudiantes de Derecho, Campus Talca, Elio Goide Nillar y Camila Valenzuela Villela.\u00a0<\/span><span data-ccp-props=\"{&quot;201341983&quot;:0,&quot;335551550&quot;:6,&quot;335551620&quot;:6,&quot;335559739&quot;:160,&quot;335559740&quot;:279}\">\u00a0<\/span><\/p>\n<p><span data-contrast=\"auto\">Al respecto, el decano de la Facultad, Iv\u00e1n Obando Camino, destac\u00f3 que \u201cgracias a esta posibilidad, nuestros estudiantes se trasladar\u00e1n a prestigiosos centros de estudio en otros continentes para as\u00ed expandir sus horizontes culturales y perseguir nuevos programas de formaci\u00f3n\u201d. <\/span><span data-ccp-props=\"{&quot;201341983&quot;:0,&quot;335551550&quot;:6,&quot;335551620&quot;:6,&quot;335559739&quot;:160,&quot;335559740&quot;:279}\">\u00a0<\/span><\/p>\n<p><span data-contrast=\"auto\">El inter\u00e9s de los tres estudiantes en realizar una estancia en el extranjero los motiv\u00f3 a buscar informaci\u00f3n en la Direcci\u00f3n de Relaciones Internacionales de la UTalca, en donde descubrieron diferentes fuentes de financiamiento, entre ellas la Beca Santander.\u00a0<\/span><span data-ccp-props=\"{&quot;201341983&quot;:0,&quot;335551550&quot;:6,&quot;335551620&quot;:6,&quot;335559739&quot;:160,&quot;335559740&quot;:279}\">\u00a0<\/span><\/p>\n<p><span data-contrast=\"auto\">Fue entonces que luego de cumplir una serie de requisitos, se adjudicaron a este apoyo que consiste en aporte monetario para costear distintos gastos relacionados a su intercambio. <\/span><span data-ccp-props=\"{&quot;134233117&quot;:false,&quot;134233118&quot;:false,&quot;201341983&quot;:0,&quot;335551550&quot;:6,&quot;335551620&quot;:6,&quot;335559685&quot;:0,&quot;335559737&quot;:0,&quot;335559738&quot;:0,&quot;335559739&quot;:160,&quot;335559740&quot;:279}\">\u00a0<\/span><\/p>\n<p><span data-contrast=\"auto\">Elio Goide, explic\u00f3 que \u201cfue en abril cuando realic\u00e9 la postulaci\u00f3n en el programa de la universidad para realizar el intercambio, luego postul\u00e9 a la Beca Santander en julio, y finalmente en un mes aproximadamente ya ten\u00eda una respuesta. Yo me voy a la Universidad de Burdeos en Francia por seis meses, parto en agosto de 2025\u201d.\u00a0<\/span><\/p>\n<p><span data-contrast=\"auto\">Por otro lado, Javiera Araya, se\u00f1al\u00f3 que fue aceptada por la Universidad de la Calabria en Italia, y agreg\u00f3 que debe \u201ccomenzar todos los tramites en octubre de este a\u00f1o, para viajar de febrero a agosto de 2025. En mi caso, voy a ocupar la beca para comprar pasajes y el seguro\u201d.<\/span><span data-ccp-props=\"{&quot;201341983&quot;:0,&quot;335551550&quot;:6,&quot;335551620&quot;:6,&quot;335559739&quot;:160,&quot;335559740&quot;:279}\">\u00a0<\/span><\/p>\n<p><span data-contrast=\"auto\">Finalmente, Camila Valenzuela, realizar\u00e1 su estancia en la Universidad de Barcelona, Espa\u00f1a durante el segundo semestre de 2025. Sobre las postulaciones, invit\u00f3 a \u201cotros estudiantes de la Facultad a informarse, porque el proceso no es tan dif\u00edcil como se piensa\u201d, asegur\u00f3 la estudiante. <\/span><span data-ccp-props=\"{&quot;201341983&quot;:0,&quot;335551550&quot;:6,&quot;335551620&quot;:6,&quot;335559739&quot;:160,&quot;335559740&quot;:279}\">\u00a0<\/span><\/p>\n","protected":false},"excerpt":{"rendered":"<p>Tres estudiantes de la Facultad de Ciencias Jur\u00eddicas y Sociales de la Universidad de Talca, ganaron este 2024 la Beca Santander para Movilidad Internacional. Se trata de la estudiante de Administraci\u00f3n P\u00fablica, Campus Talca, Javiera Araya Tapia y los estudiantes de Derecho, Campus Talca, Elio Goide Nillar y Camila Valenzuela Villela.\u00a0\u00a0 Al respecto, el decano [&hellip;]<\/p>\n","protected":false},"author":2,"featured_media":1706,"comment_status":"open","ping_status":"open","sticky":false,"template":"","format":"standard","meta":[],"categories":[4],"tags":[],"_links":{"self":[{"href":"https:\/\/www.administracionpublica.utalca.cl\/index.php?rest_route=\/wp\/v2\/posts\/1682"}],"collection":[{"href":"https:\/\/www.administracionpublica.utalca.cl\/index.php?rest_route=\/wp\/v2\/posts"}],"about":[{"href":"https:\/\/www.administracionpublica.utalca.cl\/index.php?rest_route=\/wp\/v2\/types\/post"}],"author":[{"embeddable":true,"href":"https:\/\/www.administracionpublica.utalca.cl\/index.php?rest_route=\/wp\/v2\/users\/2"}],"replies":[{"embeddable":true,"href":"https:\/\/www.administracionpublica.utalca.cl\/index.php?rest_route=%2Fwp%2Fv2%2Fcomments&post=1682"}],"version-history":[{"count":2,"href":"https:\/\/www.administracionpublica.utalca.cl\/index.php?rest_route=\/wp\/v2\/posts\/1682\/revisions"}],"predecessor-version":[{"id":1705,"href":"https:\/\/www.administracionpublica.utalca.cl\/index.php?rest_route=\/wp\/v2\/posts\/1682\/revisions\/1705"}],"wp:featuredmedia":[{"embeddable":true,"href":"https:\/\/www.administracionpublica.utalca.cl\/index.php?rest_route=\/wp\/v2\/media\/1706"}],"wp:attachment":[{"href":"https:\/\/www.administracionpublica.utalca.cl\/index.php?rest_route=%2Fwp%2Fv2%2Fmedia&parent=1682"}],"wp:term":[{"taxonomy":"category","embeddable":true,"href":"https:\/\/www.administracionpublica.utalca.cl\/index.php?rest_route=%2Fwp%2Fv2%2Fcategories&post=1682"},{"taxonomy":"post_tag","embeddable":true,"href":"https:\/\/www.administracionpublica.utalca.cl\/index.php?rest_route=%2Fwp%2Fv2%2Ftags&post=1682"}],"curies":[{"name":"wp","href":"https:\/\/api.w.org\/{rel}","templated":true}]}}