{"id":1691,"date":"2024-10-04T15:40:04","date_gmt":"2024-10-04T15:40:04","guid":{"rendered":"https:\/\/www.administracionpublica.utalca.cl\/?p=1691"},"modified":"2024-10-04T15:40:04","modified_gmt":"2024-10-04T15:40:04","slug":"estudiantes-de-administracion-publica-desarrollaron-talleres-en-centros-penitenciarios-de-talca","status":"publish","type":"post","link":"https:\/\/www.administracionpublica.utalca.cl\/?p=1691","title":{"rendered":"Estudiantes de Administraci\u00f3n P\u00fablica desarrollaron talleres en Centros Penitenciarios de Talca"},"content":{"rendered":"<p>Estudiantes de primer y segundo a\u00f1o del Voluntariado de la carrera de Administraci\u00f3n P\u00fablica, Campus Talca, de la Facultad de Ciencias Jur\u00eddicas y Sociales de la Universidad de Talca, desarrollaron talleres en centros penitenciarios de la ciudad entre julio y agosto de 2024.<\/p>\n<p>El primero llev\u00f3 por nombre \u201cLa Ruta Literaria\u201d, se dividi\u00f3 en ocho sesiones, se llev\u00f3 a cabo en el Centro Penitenciario Femenino de Talca y estuvo a cargo de las estudiantes de primer a\u00f1o Mariana Gonz\u00e1lez Gonz\u00e1lez y Fernanda Araya D\u00edaz.<\/p>\n<p>Durante este taller, se busc\u00f3 generar un producto colectivo, por lo que todas las participantes trabajaron juntas y construyen historias, poes\u00edas y narrativas para crear un libro final.<\/p>\n<p>El segundo taller en tanto, se llam\u00f3 \u00abLa novela de mi vida\u00bb, se desarroll\u00f3 a trav\u00e9s de siete sesiones en el Centro de Cumplimiento Penitenciario de Talca, y estuvo guiado por los estudiantes de segundo a\u00f1o Crist\u00f3bal Ib\u00e1\u00f1ez Hern\u00e1ndez y Bel\u00e9n L\u00f3pez Herrera, junto a la coordinadora de Vinculaci\u00f3n con el Medio de la carrera, Andrea Riquelme Mi\u00f1o.<\/p>\n<p><img loading=\"lazy\" class=\"alignnone  wp-image-1693\" src=\"https:\/\/www.administracionpublica.utalca.cl\/wp-content\/uploads\/2024\/10\/fotito-300x169.jpg\" alt=\"\" width=\"671\" height=\"378\" srcset=\"https:\/\/www.administracionpublica.utalca.cl\/wp-content\/uploads\/2024\/10\/fotito-300x169.jpg 300w, https:\/\/www.administracionpublica.utalca.cl\/wp-content\/uploads\/2024\/10\/fotito-1024x576.jpg 1024w, https:\/\/www.administracionpublica.utalca.cl\/wp-content\/uploads\/2024\/10\/fotito-768x432.jpg 768w, https:\/\/www.administracionpublica.utalca.cl\/wp-content\/uploads\/2024\/10\/fotito-1536x864.jpg 1536w, https:\/\/www.administracionpublica.utalca.cl\/wp-content\/uploads\/2024\/10\/fotito.jpg 1920w\" sizes=\"(max-width: 671px) 100vw, 671px\" \/><\/p>\n<p>En esta segunda instancia, se efectuaron actividades individuales cuyo objetivo fue que los participantes hicieran una biograf\u00eda contando parte de sus vidas, llevando a cabo un trabajo m\u00e1s introspectivo y generando finalmente un libro individual para cada uno.<\/p>\n<p>Al respecto, la encargada de Fomento Lector de Bibliotecas en Recintos Penitenciarios del Servicio Nacional del Patrimonio Cultural, Bernardita Simian Mar\u00edn, se\u00f1al\u00f3 que \u201cesta experiencia de intercambio humano tiene un impacto significativo tanto en la formaci\u00f3n de los estudiantes, como en el desarrollo personal de quienes se encuentran privados de libertad, ya que en cada sesi\u00f3n, se transita desde la lectura colectiva hacia discusiones grupales profundas\u201d.<\/p>\n<p>Por su parte, la coordinadora de Vinculaci\u00f3n con el Medio de la carrera de Administraci\u00f3n P\u00fablica, Andrea Riquelme Mi\u00f1o, indic\u00f3 que \u201clos estudiantes se motivaron a participar dedicando gran parte de sus vacaciones de invierno a la ejecuci\u00f3n de los talleres. Valoramos profundamente su compromiso social, que no solo contribuye a una formaci\u00f3n m\u00e1s integral, sino que tambi\u00e9n es una acci\u00f3n concreta que apoya la reinserci\u00f3n social, un objetivo clave en las pol\u00edticas p\u00fablicas de seguridad y justicia\u201d.<\/p>\n<p>Finalmente, la estudiante Fernanda Araya D\u00edaz, expres\u00f3 que all\u00ed pudieron \u201cconocer realidades muy distintas entre todas las mujeres, pero con ese sentimiento com\u00fan de querer hacer las cosas bien y tener una vida afuera. De esta experiencia me llevo lecciones y recuerdos gratificantes\u201d.<\/p>\n","protected":false},"excerpt":{"rendered":"<p>Estudiantes de primer y segundo a\u00f1o del Voluntariado de la carrera de Administraci\u00f3n P\u00fablica, Campus Talca, de la Facultad de Ciencias Jur\u00eddicas y Sociales de la Universidad de Talca, desarrollaron talleres en centros penitenciarios de la ciudad entre julio y agosto de 2024. El primero llev\u00f3 por nombre \u201cLa Ruta Literaria\u201d, se dividi\u00f3 en ocho [&hellip;]<\/p>\n","protected":false},"author":2,"featured_media":1692,"comment_status":"open","ping_status":"open","sticky":false,"template":"","format":"standard","meta":[],"categories":[4],"tags":[],"_links":{"self":[{"href":"https:\/\/www.administracionpublica.utalca.cl\/index.php?rest_route=\/wp\/v2\/posts\/1691"}],"collection":[{"href":"https:\/\/www.administracionpublica.utalca.cl\/index.php?rest_route=\/wp\/v2\/posts"}],"about":[{"href":"https:\/\/www.administracionpublica.utalca.cl\/index.php?rest_route=\/wp\/v2\/types\/post"}],"author":[{"embeddable":true,"href":"https:\/\/www.administracionpublica.utalca.cl\/index.php?rest_route=\/wp\/v2\/users\/2"}],"replies":[{"embeddable":true,"href":"https:\/\/www.administracionpublica.utalca.cl\/index.php?rest_route=%2Fwp%2Fv2%2Fcomments&post=1691"}],"version-history":[{"count":1,"href":"https:\/\/www.administracionpublica.utalca.cl\/index.php?rest_route=\/wp\/v2\/posts\/1691\/revisions"}],"predecessor-version":[{"id":1694,"href":"https:\/\/www.administracionpublica.utalca.cl\/index.php?rest_route=\/wp\/v2\/posts\/1691\/revisions\/1694"}],"wp:featuredmedia":[{"embeddable":true,"href":"https:\/\/www.administracionpublica.utalca.cl\/index.php?rest_route=\/wp\/v2\/media\/1692"}],"wp:attachment":[{"href":"https:\/\/www.administracionpublica.utalca.cl\/index.php?rest_route=%2Fwp%2Fv2%2Fmedia&parent=1691"}],"wp:term":[{"taxonomy":"category","embeddable":true,"href":"https:\/\/www.administracionpublica.utalca.cl\/index.php?rest_route=%2Fwp%2Fv2%2Fcategories&post=1691"},{"taxonomy":"post_tag","embeddable":true,"href":"https:\/\/www.administracionpublica.utalca.cl\/index.php?rest_route=%2Fwp%2Fv2%2Ftags&post=1691"}],"curies":[{"name":"wp","href":"https:\/\/api.w.org\/{rel}","templated":true}]}}