{"id":1714,"date":"2024-10-17T14:47:44","date_gmt":"2024-10-17T14:47:44","guid":{"rendered":"https:\/\/www.administracionpublica.utalca.cl\/?p=1714"},"modified":"2024-10-17T14:47:44","modified_gmt":"2024-10-17T14:47:44","slug":"estudiantes-de-administracion-publica-proximos-a-egresar-participaron-de-un-taller-de-apresto-laboral","status":"publish","type":"post","link":"https:\/\/www.administracionpublica.utalca.cl\/?p=1714","title":{"rendered":"Estudiantes de Administraci\u00f3n P\u00fablica pr\u00f3ximos a egresar participaron de un Taller de Apresto Laboral"},"content":{"rendered":"<p>Un total de 16 estudiantes pr\u00f3ximos a egresar de la carrera de Administraci\u00f3n P\u00fablica de la Facultad de Ciencias Jur\u00eddicas y Sociales de la Universidad de Talca, participaron de un Taller de Apresto Laboral\u00a0gracias al apoyo de la Unidad de Alumni de la Vicerrector\u00eda de Formaci\u00f3n de la casa de estudios.<\/p>\n<p>Durante la jornada, los asistentes pudieron trabajar en la mejora de sus Curr\u00edculum Vitae\u00a0y recibir herramientas clave para enfrentar con \u00e9xito los procesos de selecci\u00f3n en el competitivo mercado laboral.<\/p>\n<p>Al respecto, el encargado de inserci\u00f3n laboral de la Unidad de Alumni, quien es adem\u00e1s psic\u00f3logo y especialista en el tema, Adolfo Mu\u00f1oz Pereira, explic\u00f3 que la idea es que las y los j\u00f3venes \u201cpuedan tener un acercamiento al mundo laboral desde cosas tan b\u00e1sicas como por ejemplo preparar un curriculum\u201d.<\/p>\n<p>Agreg\u00f3 que a trav\u00e9s de juegos que permiten romper la barrera de la ansiedad, orientan a los estudiantes respecto a c\u00f3mo \u201cparticipar de los procesos de selecci\u00f3n, d\u00f3nde buscar trabajo, c\u00f3mo enfrentarse de una manera m\u00e1s efectiva a las entrevistas y tambi\u00e9n a los procesos de test psicolaborales\u201d.<\/p>\n<p>Por su parte, el Director de la Escuela de Ciencia Pol\u00edtica y Administraci\u00f3n P\u00fablica, Fernando Soto Ram\u00edrez, indic\u00f3 que \u201cel taller realizado por Alumni es una actividad muy significativa para nuestros j\u00f3venes estudiantes que est\u00e1n ad portas de titularse, toda vez que les favorecer\u00e1 en sus procesos de inserci\u00f3n laboral\u201d.<\/p>\n<p>Finalmente, la estudiante de quinto a\u00f1o de Administraci\u00f3n P\u00fablica, Kassandra P\u00e9rez, indic\u00f3 que esta instancia se trata de \u201cuna herramienta importante que entrega la Universidad de Talca para la formaci\u00f3n del estudiante, tambi\u00e9n para acompa\u00f1ar este proceso hacia el campo laboral que tambi\u00e9n es muy dif\u00edcil, sobretodo porque es algo nuevo para nosotros\u201d.<\/p>\n","protected":false},"excerpt":{"rendered":"<p>Un total de 16 estudiantes pr\u00f3ximos a egresar de la carrera de Administraci\u00f3n P\u00fablica de la Facultad de Ciencias Jur\u00eddicas y Sociales de la Universidad de Talca, participaron de un Taller de Apresto Laboral\u00a0gracias al apoyo de la Unidad de Alumni de la Vicerrector\u00eda de Formaci\u00f3n de la casa de estudios. Durante la jornada, los [&hellip;]<\/p>\n","protected":false},"author":2,"featured_media":1715,"comment_status":"open","ping_status":"open","sticky":false,"template":"","format":"standard","meta":[],"categories":[4],"tags":[],"_links":{"self":[{"href":"https:\/\/www.administracionpublica.utalca.cl\/index.php?rest_route=\/wp\/v2\/posts\/1714"}],"collection":[{"href":"https:\/\/www.administracionpublica.utalca.cl\/index.php?rest_route=\/wp\/v2\/posts"}],"about":[{"href":"https:\/\/www.administracionpublica.utalca.cl\/index.php?rest_route=\/wp\/v2\/types\/post"}],"author":[{"embeddable":true,"href":"https:\/\/www.administracionpublica.utalca.cl\/index.php?rest_route=\/wp\/v2\/users\/2"}],"replies":[{"embeddable":true,"href":"https:\/\/www.administracionpublica.utalca.cl\/index.php?rest_route=%2Fwp%2Fv2%2Fcomments&post=1714"}],"version-history":[{"count":1,"href":"https:\/\/www.administracionpublica.utalca.cl\/index.php?rest_route=\/wp\/v2\/posts\/1714\/revisions"}],"predecessor-version":[{"id":1716,"href":"https:\/\/www.administracionpublica.utalca.cl\/index.php?rest_route=\/wp\/v2\/posts\/1714\/revisions\/1716"}],"wp:featuredmedia":[{"embeddable":true,"href":"https:\/\/www.administracionpublica.utalca.cl\/index.php?rest_route=\/wp\/v2\/media\/1715"}],"wp:attachment":[{"href":"https:\/\/www.administracionpublica.utalca.cl\/index.php?rest_route=%2Fwp%2Fv2%2Fmedia&parent=1714"}],"wp:term":[{"taxonomy":"category","embeddable":true,"href":"https:\/\/www.administracionpublica.utalca.cl\/index.php?rest_route=%2Fwp%2Fv2%2Fcategories&post=1714"},{"taxonomy":"post_tag","embeddable":true,"href":"https:\/\/www.administracionpublica.utalca.cl\/index.php?rest_route=%2Fwp%2Fv2%2Ftags&post=1714"}],"curies":[{"name":"wp","href":"https:\/\/api.w.org\/{rel}","templated":true}]}}