{"id":1729,"date":"2024-11-04T15:17:50","date_gmt":"2024-11-04T15:17:50","guid":{"rendered":"https:\/\/www.administracionpublica.utalca.cl\/?p=1729"},"modified":"2024-11-04T15:17:50","modified_gmt":"2024-11-04T15:17:50","slug":"estudiantes-de-administracion-publica-campus-santiago-participaron-de-taller-de-apresto-laboral","status":"publish","type":"post","link":"https:\/\/www.administracionpublica.utalca.cl\/?p=1729","title":{"rendered":"Estudiantes de Administraci\u00f3n P\u00fablica Campus Santiago participaron de taller de apresto laboral"},"content":{"rendered":"<p>Estudiantes de la carrera de Administraci\u00f3n P\u00fablica, Campus Santiago, de la Facultad de Ciencias Jur\u00eddicas y Sociales en la Universidad de Talca, participaron en el taller de apresto laboral realizado por la Unidad de Alumni de la Universidad de Talca.<\/p>\n<p>Seg\u00fan el Director de Escuela, Mario Herrera Mu\u00f1oz, esta actividad \u201cpermite interiorizar a los estudiantes en la b\u00fasqueda de empleo, mejorar sus oportunidades laborales y mantener el v\u00ednculo con la universidad en el futuro\u201d.<\/p>\n<p>Por su parte, el jefe de la unidad, Francisco Honorato Vald\u00e9s, destac\u00f3 que \u201cse trata de una instancia de aproximaci\u00f3n para los estudiantes que est\u00e1n en el \u00faltimo a\u00f1o de sus carreras, en donde se revisa c\u00f3mo distribuir el curriculum vitae, enfrentar a los test psicolaborales y las entrevistas individuales y grupales\u201d<\/p>\n<p>Agreg\u00f3 que \u201cellos valoraron la actividad, ya que terminamos con acciones m\u00e1s l\u00fadicas, como simular una entrevista de trabajo y aplicar algunos test, instancia en la que participaron activamente\u201d.<\/p>\n","protected":false},"excerpt":{"rendered":"<p>Estudiantes de la carrera de Administraci\u00f3n P\u00fablica, Campus Santiago, de la Facultad de Ciencias Jur\u00eddicas y Sociales en la Universidad de Talca, participaron en el taller de apresto laboral realizado por la Unidad de Alumni de la Universidad de Talca. Seg\u00fan el Director de Escuela, Mario Herrera Mu\u00f1oz, esta actividad \u201cpermite interiorizar a los estudiantes [&hellip;]<\/p>\n","protected":false},"author":2,"featured_media":1730,"comment_status":"open","ping_status":"open","sticky":false,"template":"","format":"standard","meta":[],"categories":[4],"tags":[],"_links":{"self":[{"href":"https:\/\/www.administracionpublica.utalca.cl\/index.php?rest_route=\/wp\/v2\/posts\/1729"}],"collection":[{"href":"https:\/\/www.administracionpublica.utalca.cl\/index.php?rest_route=\/wp\/v2\/posts"}],"about":[{"href":"https:\/\/www.administracionpublica.utalca.cl\/index.php?rest_route=\/wp\/v2\/types\/post"}],"author":[{"embeddable":true,"href":"https:\/\/www.administracionpublica.utalca.cl\/index.php?rest_route=\/wp\/v2\/users\/2"}],"replies":[{"embeddable":true,"href":"https:\/\/www.administracionpublica.utalca.cl\/index.php?rest_route=%2Fwp%2Fv2%2Fcomments&post=1729"}],"version-history":[{"count":1,"href":"https:\/\/www.administracionpublica.utalca.cl\/index.php?rest_route=\/wp\/v2\/posts\/1729\/revisions"}],"predecessor-version":[{"id":1731,"href":"https:\/\/www.administracionpublica.utalca.cl\/index.php?rest_route=\/wp\/v2\/posts\/1729\/revisions\/1731"}],"wp:featuredmedia":[{"embeddable":true,"href":"https:\/\/www.administracionpublica.utalca.cl\/index.php?rest_route=\/wp\/v2\/media\/1730"}],"wp:attachment":[{"href":"https:\/\/www.administracionpublica.utalca.cl\/index.php?rest_route=%2Fwp%2Fv2%2Fmedia&parent=1729"}],"wp:term":[{"taxonomy":"category","embeddable":true,"href":"https:\/\/www.administracionpublica.utalca.cl\/index.php?rest_route=%2Fwp%2Fv2%2Fcategories&post=1729"},{"taxonomy":"post_tag","embeddable":true,"href":"https:\/\/www.administracionpublica.utalca.cl\/index.php?rest_route=%2Fwp%2Fv2%2Ftags&post=1729"}],"curies":[{"name":"wp","href":"https:\/\/api.w.org\/{rel}","templated":true}]}}