{"id":1750,"date":"2024-11-22T16:30:22","date_gmt":"2024-11-22T16:30:22","guid":{"rendered":"https:\/\/www.administracionpublica.utalca.cl\/?p=1750"},"modified":"2024-11-22T16:30:22","modified_gmt":"2024-11-22T16:30:22","slug":"coloquio-abordo-efectos-del-dictamen-presentado-por-nueva-contralora-general-respecto-a-la-confianza-legitima-en-los-contrata","status":"publish","type":"post","link":"https:\/\/www.administracionpublica.utalca.cl\/?p=1750","title":{"rendered":"Coloquio abord\u00f3 efectos del dictamen presentado por nueva Contralora General respecto a la confianza leg\u00edtima en los contrata"},"content":{"rendered":"<p>La Escuela de Ciencia Pol\u00edtica y Administraci\u00f3n P\u00fablica, de la Facultad de Ciencias Jur\u00eddicas y Sociales de la Universidad de Talca, organiz\u00f3 un coloquio titulado: \u201cConfianza leg\u00edtima en los funcionarios p\u00fablicos: efectos del dictamen de contralor\u00eda en la funci\u00f3n p\u00fablica\u201d, lo anterior, a partir del dictamen presentado por la nueva Contralora General de la Rep\u00fablica, Dorothy P\u00e9rez Guti\u00e9rrez.<\/p>\n<p>Al respecto, el Director de la Escuela, Fernando Soto Ram\u00edrez, manifest\u00f3 que discutir sobre esta tem\u00e1tica con los estudiantes \u201ces relevante, estos contenidos fueron abordados en dos m\u00f3dulos de la carrera y es importante actualizarlos desde una noticia que est\u00e1 sucediendo y que est\u00e1 impactando de frente a los funcionarios p\u00fablicos, que va a ser donde en el futuro ellos se van a desempe\u00f1ar\u201d.<\/p>\n<p>Quien estuvo a cargo de liderar esta instancia, fue el profesor de Litigaci\u00f3n Laboral e Introducci\u00f3n al Derecho de la Facultad, Cristian Toledo Toledo, quien explic\u00f3 que el problema inici\u00f3 luego de la reinterpretaci\u00f3n de la Contralora \u201crespecto a lo que es la confianza leg\u00edtima, es decir, la idea que tienen las personas que est\u00e1n en el sistema de contrata en el servicio p\u00fablico, de que si les han hecho su contrata uno, dos o tres a\u00f1os, tendr\u00e1n la confianza leg\u00edtima de que el cuarto a\u00f1o tambi\u00e9n se les va a contratar\u201d.<\/p>\n<p>Agreg\u00f3 que si bien, el anterior Contralor General de la Rep\u00fablica, Jorge Berm\u00fadez Soto, expres\u00f3 que al ser esto una situaci\u00f3n habitual, incluso hab\u00eda que automatizarlo, siempre y cuando se cumplieran con los requisitos solicitados. Se\u00f1al\u00f3 que la nueva Contralora P\u00e9rez, indic\u00f3 que este sistema \u201ces litigioso, es \u00a0decir, es posible que pueda haber juicio con esto, y claro, hay una norma de la propia Ley de la Contralor\u00eda que dice que cuando los asuntos son litigiosos la contralor\u00eda tiene que abstenerse, pero para que sea propiamente litigioso tenemos que tener un conflicto de relevancia jur\u00eddica y que est\u00e9 en tribunales la potencialidad de que pueda pasar\u201d.<\/p>\n<p>Respecto a las soluciones de esta situaci\u00f3n, el profesor Toledo indic\u00f3 que \u201clo primero, es presentar un recurso de protecci\u00f3n, la segunda opci\u00f3n puede ser el cambio de la Contralora y la soluci\u00f3n de fondo es que exista una ley, y la ley m\u00e1s f\u00e1cil de hacer para esto es una ley interpretativa porque se decide con el 50% m\u00e1s uno de los asistentes\u201d.<\/p>\n<p>En relaci\u00f3n a aquello, el acad\u00e9mico expuso que en los medios de comunicaci\u00f3n indicaron que \u201chab\u00eda un grupo de parlamentarios que estaba planteando presentar esta ley. Los parlamentarios no pueden dejar problemas que son tan trascendentes a la contralor\u00eda y a los tribunales\u201d, concluy\u00f3 el acad\u00e9mico.<\/p>\n","protected":false},"excerpt":{"rendered":"<p>La Escuela de Ciencia Pol\u00edtica y Administraci\u00f3n P\u00fablica, de la Facultad de Ciencias Jur\u00eddicas y Sociales de la Universidad de Talca, organiz\u00f3 un coloquio titulado: \u201cConfianza leg\u00edtima en los funcionarios p\u00fablicos: efectos del dictamen de contralor\u00eda en la funci\u00f3n p\u00fablica\u201d, lo anterior, a partir del dictamen presentado por la nueva Contralora General de la Rep\u00fablica, [&hellip;]<\/p>\n","protected":false},"author":2,"featured_media":1751,"comment_status":"open","ping_status":"open","sticky":false,"template":"","format":"standard","meta":[],"categories":[4],"tags":[],"_links":{"self":[{"href":"https:\/\/www.administracionpublica.utalca.cl\/index.php?rest_route=\/wp\/v2\/posts\/1750"}],"collection":[{"href":"https:\/\/www.administracionpublica.utalca.cl\/index.php?rest_route=\/wp\/v2\/posts"}],"about":[{"href":"https:\/\/www.administracionpublica.utalca.cl\/index.php?rest_route=\/wp\/v2\/types\/post"}],"author":[{"embeddable":true,"href":"https:\/\/www.administracionpublica.utalca.cl\/index.php?rest_route=\/wp\/v2\/users\/2"}],"replies":[{"embeddable":true,"href":"https:\/\/www.administracionpublica.utalca.cl\/index.php?rest_route=%2Fwp%2Fv2%2Fcomments&post=1750"}],"version-history":[{"count":1,"href":"https:\/\/www.administracionpublica.utalca.cl\/index.php?rest_route=\/wp\/v2\/posts\/1750\/revisions"}],"predecessor-version":[{"id":1752,"href":"https:\/\/www.administracionpublica.utalca.cl\/index.php?rest_route=\/wp\/v2\/posts\/1750\/revisions\/1752"}],"wp:featuredmedia":[{"embeddable":true,"href":"https:\/\/www.administracionpublica.utalca.cl\/index.php?rest_route=\/wp\/v2\/media\/1751"}],"wp:attachment":[{"href":"https:\/\/www.administracionpublica.utalca.cl\/index.php?rest_route=%2Fwp%2Fv2%2Fmedia&parent=1750"}],"wp:term":[{"taxonomy":"category","embeddable":true,"href":"https:\/\/www.administracionpublica.utalca.cl\/index.php?rest_route=%2Fwp%2Fv2%2Fcategories&post=1750"},{"taxonomy":"post_tag","embeddable":true,"href":"https:\/\/www.administracionpublica.utalca.cl\/index.php?rest_route=%2Fwp%2Fv2%2Ftags&post=1750"}],"curies":[{"name":"wp","href":"https:\/\/api.w.org\/{rel}","templated":true}]}}