{"id":1756,"date":"2024-11-25T19:38:13","date_gmt":"2024-11-25T19:38:13","guid":{"rendered":"https:\/\/www.administracionpublica.utalca.cl\/?p=1756"},"modified":"2024-11-25T19:38:13","modified_gmt":"2024-11-25T19:38:13","slug":"profesor-osvaldo-henriquez-aporto-con-un-capitulo-en-el-manual-de-administracion-publica-ii","status":"publish","type":"post","link":"https:\/\/www.administracionpublica.utalca.cl\/?p=1756","title":{"rendered":"Profesor Osvaldo Henr\u00edquez aport\u00f3 con un cap\u00edtulo en el Manual de Administraci\u00f3n P\u00fablica II"},"content":{"rendered":"<p>El profesor de la Escuela de Ciencia Pol\u00edtica y Administraci\u00f3n P\u00fablica, Osvaldo Henr\u00edquez Opazo, aport\u00f3 con un cap\u00edtulo en el Manual de Administraci\u00f3n P\u00fablica II, editado por Ignacio Cienfuegos, Francesco Penaglia y Karina Retamal, el cual representa una actualizaci\u00f3n de una de las obras m\u00e1s influyentes en el \u00e1mbito de la administraci\u00f3n p\u00fablica en Chile.<\/p>\n<p>El cap\u00edtulo del profesor se titul\u00f3 \u201cTraspaso de competencias a gobiernos regionales\u00bb, sobre aquello, el acad\u00e9mico explic\u00f3 que aqu\u00ed muestra \u201cc\u00f3mo se desarroll\u00f3 la Ley sobre descentralizaci\u00f3n y c\u00f3mo se implement\u00f3 durante los primeros tres a\u00f1os. Es relevante porque se dimensiona c\u00f3mo funciones que hoy ejerce el nivel central, pueden llevarse a cabo a nivel regional en funci\u00f3n de sus propias necesidades\u201d.<\/p>\n<p>Cabe se\u00f1alar que el manual fue presentado oficialmente el pasado 20 de noviembre en la Universidad Alberto Hurtado, en un evento que cont\u00f3 con la participaci\u00f3n de acad\u00e9micos, expertos y figuras destacadas, entre ellas la ex Presidenta de la Rep\u00fablica, Michelle Bachelet quien subray\u00f3 la relevancia de esta publicaci\u00f3n en el contexto actual de la gesti\u00f3n p\u00fablica chilena.<\/p>\n","protected":false},"excerpt":{"rendered":"<p>El profesor de la Escuela de Ciencia Pol\u00edtica y Administraci\u00f3n P\u00fablica, Osvaldo Henr\u00edquez Opazo, aport\u00f3 con un cap\u00edtulo en el Manual de Administraci\u00f3n P\u00fablica II, editado por Ignacio Cienfuegos, Francesco Penaglia y Karina Retamal, el cual representa una actualizaci\u00f3n de una de las obras m\u00e1s influyentes en el \u00e1mbito de la administraci\u00f3n p\u00fablica en Chile. [&hellip;]<\/p>\n","protected":false},"author":2,"featured_media":1757,"comment_status":"open","ping_status":"open","sticky":false,"template":"","format":"standard","meta":[],"categories":[4],"tags":[],"_links":{"self":[{"href":"https:\/\/www.administracionpublica.utalca.cl\/index.php?rest_route=\/wp\/v2\/posts\/1756"}],"collection":[{"href":"https:\/\/www.administracionpublica.utalca.cl\/index.php?rest_route=\/wp\/v2\/posts"}],"about":[{"href":"https:\/\/www.administracionpublica.utalca.cl\/index.php?rest_route=\/wp\/v2\/types\/post"}],"author":[{"embeddable":true,"href":"https:\/\/www.administracionpublica.utalca.cl\/index.php?rest_route=\/wp\/v2\/users\/2"}],"replies":[{"embeddable":true,"href":"https:\/\/www.administracionpublica.utalca.cl\/index.php?rest_route=%2Fwp%2Fv2%2Fcomments&post=1756"}],"version-history":[{"count":1,"href":"https:\/\/www.administracionpublica.utalca.cl\/index.php?rest_route=\/wp\/v2\/posts\/1756\/revisions"}],"predecessor-version":[{"id":1758,"href":"https:\/\/www.administracionpublica.utalca.cl\/index.php?rest_route=\/wp\/v2\/posts\/1756\/revisions\/1758"}],"wp:featuredmedia":[{"embeddable":true,"href":"https:\/\/www.administracionpublica.utalca.cl\/index.php?rest_route=\/wp\/v2\/media\/1757"}],"wp:attachment":[{"href":"https:\/\/www.administracionpublica.utalca.cl\/index.php?rest_route=%2Fwp%2Fv2%2Fmedia&parent=1756"}],"wp:term":[{"taxonomy":"category","embeddable":true,"href":"https:\/\/www.administracionpublica.utalca.cl\/index.php?rest_route=%2Fwp%2Fv2%2Fcategories&post=1756"},{"taxonomy":"post_tag","embeddable":true,"href":"https:\/\/www.administracionpublica.utalca.cl\/index.php?rest_route=%2Fwp%2Fv2%2Ftags&post=1756"}],"curies":[{"name":"wp","href":"https:\/\/api.w.org\/{rel}","templated":true}]}}